{"id":23610,"date":"2026-05-03T01:24:07","date_gmt":"2026-05-03T04:24:07","guid":{"rendered":"https:\/\/infinitoradio.com\/?p=23610"},"modified":"2026-05-03T01:24:07","modified_gmt":"2026-05-03T04:24:07","slug":"el-adornigate-el-muerto-y-el-degollado","status":"publish","type":"post","link":"https:\/\/infinitoradio.com\/?p=23610","title":{"rendered":"El Adornigate, el muerto y el degollado"},"content":{"rendered":"<p>Una de las leyes del poder compiladas por <b>Robert Greene<\/b> recomienda <mark class=\"hl_yellow\">decir siempre menos de lo necesario<\/mark>. Cuando un l\u00edder pol\u00edtico intente impresionar a la gente con palabras, debe tener en cuenta que cuanto m\u00e1s diga, m\u00e1s vulnerable ser\u00e1 y menor control de la situaci\u00f3n tendr\u00e1. Las personas poderosas impresionan o intimidan por su parquedad y cuanto m\u00e1s hablen, mayor ser\u00e1 el riesgo de pronunciar alguna tonter\u00eda. Para su reciente presentaci\u00f3n ante la <b>C\u00e1mara de Diputados<\/b>, <b>Manuel Adorni<\/b> pareci\u00f3 aprender esa lecci\u00f3n. <\/p>\n<p>Al menos hasta antes de ese informe, el jefe de Gabinete ven\u00eda exhibiendo una llamativa fragilidad a la hora de brindar explicaciones y de convencer al p\u00fablico sobre su inocencia en los hechos que se le imputan. Sus intervenciones p\u00fablicas hab\u00edan agigantado las dudas en vez de disiparlas. Por eso el mi\u00e9rcoles \u00faltimo concurri\u00f3 al Congreso de la Naci\u00f3n en modo conservador, sin apartarse en ning\u00fan momento de un libreto cuidadosamente preparado por sus asesores, que ley\u00f3 hasta cuando debi\u00f3 responder preguntas. <mark class=\"hl_yellow\">Actu\u00f3 como si fuera un bot, intentando evitar complicaciones mayores<\/mark>, como las que experiment\u00f3 en una prueba anterior, que fue la conferencia de prensa en la cual todo sali\u00f3 mal porque se apart\u00f3 del gui\u00f3n original, se mostr\u00f3 prepotente y minimiz\u00f3 el papel de los periodistas. Pero aun as\u00ed, <mark class=\"hl_yellow\">dej\u00f3 sin contestar la mayor\u00eda de los interrogantes vinculados con su enriquecimiento patrimonial, los inmuebles adquiridos y los costosos viajes familiares<\/mark>.<\/p>\n<p>Con su presentaci\u00f3n en el Congreso, el Gobierno no pretendi\u00f3 resolver el <i>Adornigate<\/i>, sino comprobar que la decisi\u00f3n de mantenerlo en la Jefatura de Gabinete continuaba siendo sostenible a pesar de las denuncias y sospechas de corrupci\u00f3n. Se busc\u00f3 generar el contexto m\u00e1s favorable posible, con el acompa\u00f1amiento del propio presidente <b>Javier Milei<\/b> y del gabinete ministerial en pleno, con el prop\u00f3sito de que el funcionario en desgracia casi no tuviera margen para descarrilar y pudiera superar el examen. Fue, por cierto, una jugada riesgosa, porque <mark class=\"hl_yellow\">se at\u00f3 a todo un gobierno a la suerte de un jefe de Gabinete en situaci\u00f3n de extrema debilidad<\/mark>.<\/p>\n<p>Ninguna pareja se pelea porque uno de los dos haya dejado mal ubicado el cepillo de dientes en el ba\u00f1o, sino por razones mucho m\u00e1s profundas, pero que eclosionan por alguna cuesti\u00f3n que, en otras circunstancias, carecer\u00eda de mayor importancia. Para el consultor <b>Jorge Giacobbe<\/b>, Adorni representar\u00eda el cepillo de dientes en la pelea de una pareja. Se refiere a que buena parte de la poblaci\u00f3n est\u00e1 angustiada por razones econ\u00f3micas y hay mucha gente con un pie en la frontera que va m\u00e1s all\u00e1 del dolor tolerable, por lo que, cuando surgen casos como el del jefe de Gabinete, estos problemas suelen sobredimensionarse.<\/p>\n<p><img loading=\"lazy\" decoding=\"async\" src=\"https:\/\/resizer.glanacion.com\/resizer\/v2\/BGZYPQKNSNANXCHS7HRMIWXD54.jpg?auth=64a954d468e9c71569eecc6ff04c525390b9dbb3ba44cb6ba18c92cb253183ec&amp;smart=true&amp;width=2000&amp;height=1333\" alt=\"Javier y Karina Milei acompa\u00f1aron al jefe de Gabinete en el Congreso\" height=\"1333\" width=\"2000\" \/><\/p>\n<p>La irrupci\u00f3n de Adorni en la C\u00e1mara de Diputados era necesaria, seg\u00fan el citado analista, porque el p\u00fablico que viene sosteniendo todav\u00eda a Milei, aun con n\u00fameros a la baja que hoy rondan el 36% de imagen positiva, estaba callado, como si transitara una fase depresiva, mientras que, en la vereda de enfrente, los seguidores del kirchnerismo estaban en una fase ofensiva. De este modo, en las redes sociales en particular, se pod\u00eda ver a unos gritando y festejando por tener al jefe de Gabinete contra las cuerdas, mientras sus contrincantes permanec\u00edan en silencio. Y en la conversaci\u00f3n social siempre queda la impresi\u00f3n de que quienes m\u00e1s gritan son superiores en n\u00famero; especialmente, si quienes tienen la misi\u00f3n de defender la gesti\u00f3n gubernamental son presas de la depresi\u00f3n y no atinan a reaccionar. Con la presentaci\u00f3n de Adorni en el Congreso, el oficialismo esperaba que se revitalizara este \u00faltimo p\u00fablico que permanec\u00eda callado y que la conversaci\u00f3n social se balanceara hasta que el funcionario imputado pueda brindar las explicaciones necesarias y ofrecer las pruebas de su inocencia en la Justicia.<\/p>\n<p>Hay otras opiniones, sin embargo. Por ejemplo, la de quienes <mark class=\"hl_yellow\">dudan acerca de si el Presidente debi\u00f3 ser llevado a una batalla que tal vez nunca debi\u00f3 librarse<\/mark>, en lugar de actuar como frente a las irregularidades detectadas en las declaraciones patrimoniales del secretario de Infraestructura del Ministerio de Econom\u00eda, <b>Carlos Frugoni<\/b>, quien qued\u00f3 r\u00e1pidamente fuera del gobierno por tener bienes sin declarar en Miami. Probablemente nadie recordar\u00e1 a Frugoni dentro de muy poco tiempo. La diferencias son ostensibles con el caso de Adorni, frente al cual <mark class=\"hl_yellow\">Milei decidi\u00f3 protagonizar una cruzada para muchos innecesaria, que sus cr\u00edticos atribuyen a un acto de negaci\u00f3n y empecinamiento<\/mark>.<\/p>\n<p>La presencia del Presidente y de sus ministros en los palcos del recinto de la C\u00e1mara baja, aplaudiendo las intervenciones de Adorni o increpando -en el caso del primer mandatario- a algunos de sus opositores, como la izquierdista <b>Myriam Bregman<\/b>, pudo ser interpretada como una acci\u00f3n de fortalecimiento del jefe de Gabinete. Pero tambi\u00e9n evidenci\u00f3 una se\u00f1al de debilidad el hecho de que toda una administraci\u00f3n gubernamental debiera ser arrastrada en bloque, en auxilio de un alto funcionario comprometido por sus propias equivocaciones.<\/p>\n<p>El informe de Adorni pudo haber significado una reacci\u00f3n de un gobierno asediado, mas no resolvi\u00f3 el problema de fondo. \u201cAdorni se ha transformado en un pasivo que erosiona y deslegitima la autoridad de Milei para decir que es distinto. Ese es el principal da\u00f1o que le produce el jefe de Gabinete al Presidente. Lo convierte en un pol\u00edtico tradicional y da cuenta de otro ciclo de dirigentes que gozan de los privilegios del poder\u201d, afirma el director de la consultora <b>Synopsis<\/b>, <b>Lucas Romero<\/b>.<\/p>\n<p>Los cr\u00edticos de la participaci\u00f3n de Adorni en Diputados subrayan que su intervenci\u00f3n no fue noticia por lo que dijo tanto como por lo que no dijo. Result\u00f3 particularmente curioso su argumento de que no puede demostrar su inocencia para no interferir en la investigaci\u00f3n judicial. <mark class=\"hl_yellow\">Es ins\u00f3lito que una persona p\u00fablica evite aclarar acusaciones en su contra con el pretexto de que no le corresponde pronunciarse sobre causas judiciales en tr\u00e1mite<\/mark>. <\/p>\n<blockquote>\n<p>El peronismo kirchnerista no se halla en condiciones de sostener una campa\u00f1a basada en denuncias de corrupci\u00f3n<\/p>\n<\/blockquote>\n<p><mark class=\"hl_yellow\">Los interrogantes sin respuesta fueron muchos<\/mark>. \u00bfC\u00f3mo obtuvo los aproximadamente 104.000 d\u00f3lares que gast\u00f3 en un a\u00f1o con un ingreso promedio de alrededor de tres millones de pesos mensuales? \u00bfC\u00f3mo piensa saldar una supuesta deuda de 335.000 d\u00f3lares? \u00bfC\u00f3mo logr\u00f3 que dos jubiladas le financiaran 200.000 d\u00f3lares a tasa cero para la compra de un departamento en el barrio de Caballito? \u00bfC\u00f3mo consigui\u00f3 comprar a 230.000 d\u00f3lares ese departamento de casi 200 metros cuadrados que, a precios de mercado, no deber\u00eda costar menos de 400.000 d\u00f3lares? En fin, \u00bfc\u00f3mo aventar las sospechas de que las operaciones en las que aparecen presuntos prestamistas no puedan ser mecanismos para ocultar maniobras de evasi\u00f3n o encubrimiento del origen real de los fondos empleados? <\/p>\n<p>Cierto es que vivimos en la Argentina y que, como afirm\u00f3 no hace mucho el ministro de Econom\u00eda, <b>Luis Caputo<\/b>, sabemos que <mark class=\"hl_yellow\">la mayor\u00eda de los argentinos tiene algo de plata negra<\/mark>, como que una gran cantidad de inmuebles son escriturados a un valor inferior al que efectivamente se compran para, entre otras motivaciones, achicar los elevados costos impositivos y administrativos asociados a toda compraventa. Los dirigentes pol\u00edticos no son muy diferentes en ese sentido al resto de la poblaci\u00f3n, aunque deber\u00edan empezar a dar el ejemplo. <mark class=\"hl_yellow\">Lo realmente preocupante, en el caso de Adorni, deber\u00eda ser si el origen de los fondos utilizados para comprar inmuebles reside en la apropiaci\u00f3n de recursos p\u00fablicos o si efectivamente se le armaron contratos especiales a su esposa para que le vendiera servicios al Estado<\/mark>. <\/p>\n<p>Claro que detr\u00e1s de todos esos interrogantes aparecen otros que dan cuenta de una duda a\u00fan m\u00e1s estructural: <mark class=\"hl_yellow\">\u00bfde qu\u00e9 viven realmente los altos funcionarios p\u00fablicos que perciben remuneraciones relativamente modestas<\/mark> y que no ten\u00edan una situaci\u00f3n patrimonial holgada con anterioridad a su llegada a la funci\u00f3n p\u00fablica? \u00bfAcaso de sobresueldos o de fondos reservados, como los que derivaron en m\u00e1s de una controversia durante la \u00e9poca del menemismo?<\/p>\n<p>Se trate de lo que se trate, parece cierto que bastaron las amenazas que dejaron trascender voceros de <b>La Libertad Avanza<\/b> sobre la posibilidad de sacar a relucir supuestas inconsistencias patrimoniales de legisladores de otras fuerzas pol\u00edticas para que algunos bloques parlamentarios se abstuvieran de cuestionar a Adorni y para que incluso el kirchnerismo bajara el tono de su ofensiva. Escasas horas antes del informe del jefe de Gabinete, un grupo de diputados del partido gobernante present\u00f3 una <mark class=\"hl_yellow\">denuncia penal<\/mark> por enriquecimiento il\u00edcito, omisi\u00f3n maliciosa en declaraci\u00f3n jurada patrimonial, administraci\u00f3n fraudulenta y negociaciones incompatibles con la funci\u00f3n p\u00fablica contra la diputada <b>Marcela Pagano<\/b> y su pareja, <b>Franco Bindi<\/b>. Esta legisladora, que se escindi\u00f3 tiempo atr\u00e1s del bloque libertario y se transform\u00f3 en una de las m\u00e1s furibundas cr\u00edticas del gobierno de Milei, opt\u00f3 por ausentarse en la sesi\u00f3n que protagoniz\u00f3 Adorni, con la excusa de que deb\u00eda hacer un tr\u00e1mite ante los tribunales de Comodoro Py para ampliar sus denuncias contra el jefe de Gabinete.<\/p>\n<p><img loading=\"lazy\" decoding=\"async\" src=\"https:\/\/resizer.glanacion.com\/resizer\/v2\/X4O6UR3XCJAZDPGTQZDU4E2V34.jpg?auth=9c33dbeeb2350fcd1ef8fe52da28c7a20250bfb8952e94db7f8ca233c42a6a7a&amp;smart=true&amp;width=2000&amp;height=1333\" alt=\"Los diputados Myriam Bregman, Nicol\u00e1s Del Ca\u00f1o y Romina Del Pl\u00e1 en la presentaci\u00f3n del informe de Adorni\" height=\"1333\" width=\"2000\" \/><\/p>\n<p>Aun cuando su gobierno deba enfrentar serias acusaciones, los libertarios corren con una ventaja de cara a la pr\u00f3xima carrera electoral. Su principal adversario, el <b>peronismo kirchnerista<\/b>, <mark class=\"hl_yellow\">no se halla en condiciones de sostener una campa\u00f1a basada en denuncias de corrupci\u00f3n sin que parezca que, como se\u00f1ala el dicho, el muerto se r\u00ede del degollado<\/mark>. Por eso, la mejor defensa que ensay\u00f3 Adorni pas\u00f3 por desacreditar a sus propios verdugos. \u201cNo me van a intimidar con aprietes. Es poco serio que legisladores cuya jefa est\u00e1 presa por robar m\u00e1s de 500 millones de d\u00f3lares se sientan con autoridad para lanzar acusaciones relacionadas con temas sobre los cuales ni siquiera estoy imputado\u201d, afirm\u00f3 el jefe de Gabinete, quien, aferr\u00e1ndose a su libreto, calific\u00f3 al kirchnerismo como \u201cel bloque con el peor prontuario de la historia en democracia\u201d y asegur\u00f3 que sus detractores <mark class=\"hl_yellow\">solo buscan \u201cdesestabilizar al Gobierno\u201d<\/mark>.<\/p>\n<p>En la Casa Rosada se conf\u00eda en que si el oficialismo pudo sobrellevar durante casi todo el a\u00f1o pasado esc\u00e1ndalos como el de la criptoestafa <b>$LIBRA<\/b> y el de la <b>Agencia Nacional de Discapacidad<\/b>, y ganar las elecciones legislativas de octubre \u00faltimo, con m\u00e1s raz\u00f3n deber\u00eda poder dar vuelta el partido frente al <i>Adornigate<\/i>. Pero para eso requerir\u00e1 que la econom\u00eda lo ayude.<\/p>\n<p>Existe entre observadores pol\u00edticos la convicci\u00f3n de que el peronismo kirchnerista solo ser\u00e1 competitivo si el programa econ\u00f3mico de Milei prueba su fracaso. Si el actual gobierno nacional logra, en cambio, revertir el malhumor que afecta a una parte importante de la sociedad, si la econom\u00eda crece, el empleo se recupera y el orden econ\u00f3mico se consolida, abriendo esperanzas para sectores medios y medios bajos que hoy sufren las dificultades de los sectores industrial y comercial, no ser\u00eda improbable que los trastornos de Adorni, m\u00e1s all\u00e1 de eclipsar su carrera pol\u00edtica personal, pasen a convertirse en un hecho anecd\u00f3tico de aqu\u00ed a un a\u00f1o.<\/p>\n<p>Por ahora, los indicadores de tendencias son contradictorios. El <b>\u00cdndice de Confianza en el Gobierno<\/b>, que mensualmente desarrolla la <b>Universidad Torcuato Di Tella<\/b>, promedi\u00f3 en abril 2,02 puntos sobre 5, lo que representa una ca\u00edda del 12,1% respecto de marzo y del 2,1% con relaci\u00f3n a abril de 2018, cuando gobernaba <b>Mauricio Macri<\/b>, aunque tambi\u00e9n es un 40,9% mayor que el de abril de 2022, cuando <b>Alberto Fern\u00e1ndez<\/b> presid\u00eda el pa\u00eds.<\/p>\n<p>Frente a los esc\u00e1ndalos recientes, el Gobierno aspira a que cualquier comparaci\u00f3n con la dimensi\u00f3n de los hechos de corrupci\u00f3n de la era kirchnerista y el paso del tiempo diluyan su impacto negativo. Por lo pronto, Milei y <b>Karina Milei<\/b> han decidido sostener al actual jefe de Gabinete, a pesar de que pueda constituir un pasivo para la imagen de la gesti\u00f3n gubernamental. Una de las razones pasa por la resistencia del Presidente a pasar a p\u00e9rdidas todo lo que ya invirti\u00f3 en la defensa de Adorni; seg\u00fan el razonamiento presidencial, solo queda sostener al funcionario cuestionado como sea porque el Gobierno ya pag\u00f3 el costo y, en adelante, espera que ese costo no se incremente. Otro motivo para bancarlo es que <mark class=\"hl_yellow\">Adorni es un instrumento para que Karina Milei, desde la Secretar\u00eda General de la Presidencia, pueda actuar como una suerte de jefa de Gabinete sin serlo<\/mark>. <\/p>\n<p>\u200bEl jefe de Gabinete dej\u00f3 muchos interrogantes sin respuesta ante los diputados, pero continuar\u00e1 siendo sostenido por el presidente Milei y su hermana; las razones detr\u00e1s de ese apoyo\u00a0\u00a0LA NACION<\/p>","protected":false},"excerpt":{"rendered":"<p>Una de las leyes del poder compiladas por Robert Greene recomienda decir siempre menos de&#8230;<\/p>\n","protected":false},"author":1,"featured_media":23611,"comment_status":"closed","ping_status":"closed","sticky":false,"template":"","format":"standard","meta":{"footnotes":""},"categories":[2],"tags":[],"class_list":["post-23610","post","type-post","status-publish","format-standard","has-post-thumbnail","hentry","category-nacionales"],"aioseo_notices":[],"_links":{"self":[{"href":"https:\/\/infinitoradio.com\/index.php?rest_route=\/wp\/v2\/posts\/23610","targetHints":{"allow":["GET"]}}],"collection":[{"href":"https:\/\/infinitoradio.com\/index.php?rest_route=\/wp\/v2\/posts"}],"about":[{"href":"https:\/\/infinitoradio.com\/index.php?rest_route=\/wp\/v2\/types\/post"}],"author":[{"embeddable":true,"href":"https:\/\/infinitoradio.com\/index.php?rest_route=\/wp\/v2\/users\/1"}],"replies":[{"embeddable":true,"href":"https:\/\/infinitoradio.com\/index.php?rest_route=%2Fwp%2Fv2%2Fcomments&post=23610"}],"version-history":[{"count":0,"href":"https:\/\/infinitoradio.com\/index.php?rest_route=\/wp\/v2\/posts\/23610\/revisions"}],"wp:featuredmedia":[{"embeddable":true,"href":"https:\/\/infinitoradio.com\/index.php?rest_route=\/wp\/v2\/media\/23611"}],"wp:attachment":[{"href":"https:\/\/infinitoradio.com\/index.php?rest_route=%2Fwp%2Fv2%2Fmedia&parent=23610"}],"wp:term":[{"taxonomy":"category","embeddable":true,"href":"https:\/\/infinitoradio.com\/index.php?rest_route=%2Fwp%2Fv2%2Fcategories&post=23610"},{"taxonomy":"post_tag","embeddable":true,"href":"https:\/\/infinitoradio.com\/index.php?rest_route=%2Fwp%2Fv2%2Ftags&post=23610"}],"curies":[{"name":"wp","href":"https:\/\/api.w.org\/{rel}","templated":true}]}}