{"id":23574,"date":"2026-05-01T23:34:31","date_gmt":"2026-05-02T02:34:31","guid":{"rendered":"https:\/\/infinitoradio.com\/?p=23574"},"modified":"2026-05-01T23:34:31","modified_gmt":"2026-05-02T02:34:31","slug":"el-profesor-de-ciencias-exactas-que-lleva-la-fisica-a-la-danza-en-un-viaje-de-ida-y-vuelta","status":"publish","type":"post","link":"https:\/\/infinitoradio.com\/?p=23574","title":{"rendered":"El profesor de Ciencias Exactas que lleva la f\u00edsica a la danza, en un viaje de ida y vuelta"},"content":{"rendered":"<div class=\"sc-45461e9c-0 eqiBeF container-text text-embed \">\n<p>\u201cQuise escaparme de la ciencia y la ciencia me alcanz\u00f3\u201d. Esta frase del core\u00f3grafo <strong>Edgardo Mercado<\/strong> se explica as\u00ed: volcado al estudio y la investigaci\u00f3n de las ciencias f\u00edsicas,el encuentro con la danza -a sus veintisiete a\u00f1os- le abri\u00f3 un rumbo vital nuevo.Sin embargo, su obra <strong>Po\u00e9tica de gravedad<\/strong>, estrenada recientemente y que hace su \u00faltima funci\u00f3n este s\u00e1bado 2 de mayo, est\u00e1 alimentada enteramente por conceptos tales como la f\u00edsica cu\u00e1ntica. \u00bfC\u00f3mo es eso, cabe preguntarse?<\/p>\n<\/div>\n<div class=\"sc-45461e9c-0 eqiBeF container-text text-embed \">\n<p>Dice Edgardo Mercado: \u201cPor empezar, la decisi\u00f3n de pasar de la f\u00edsica a la danza fue totalmente vocacional. En aquel tiempo hab\u00eda obtenido una beca de trabajo en la Comisi\u00f3n nacional de energ\u00eda at\u00f3mica; pero vi que no quer\u00eda seguir mi vida como investigador cient\u00edfico. Fue un momento bisagra\u201d.<\/p>\n<\/div>\n<div class=\"sc-45461e9c-0 eqiBeF container-text text-embed \">\n<p>Comenz\u00f3 a internarse en la danza muy profundamente, a pesar de que ya hab\u00eda sobrepasado mucho la edad en la que -poco m\u00e1s, poco menos-,comienza a formarse un bailar\u00edn. Pero ten\u00eda a su favor que desde siempre hab\u00eda sido muy deportista. <\/p>\n<\/div>\n<div class=\"sc-45461e9c-0 eqiBeF container-text text-embed \">\n<p>Mercado no era hasta ese momento un espectador asiduo de danza. Algunos programas del Ballet del San Mart\u00edn, pero no mucho m\u00e1s. Cuando se acerc\u00f3 a la danza, comenz\u00f3 a tomar un n\u00famero enorme de clases semanales, tanto de ballet cl\u00e1sico como de t\u00e9cnicas de danza contempor\u00e1nea. Y luego comenz\u00f3 a coreografiar. <\/p>\n<\/div>\n<div class=\"sc-45461e9c-0 eqiBeF container-text text-embed \">\n<p>Tiene un repertorio de obras no excesivamente amplio, pero s\u00ed sumamente interesante. Esta nueva <em>Po\u00e9tica de gravedad<\/em> surgi\u00f3 a partir de un proyecto presentado en una convocatoria del Instituto Franc\u00e9s de Argentina y en la que fueron premiados cinco artistas esc\u00e9nicos argentinos, uno de ellos Edgardo Mercado.<\/p>\n<\/div>\n<div class=\"sc-98b114a2-0 bkqiHH image-embed  image-embed \"><img fetchpriority=\"high\" decoding=\"async\" alt=\"Edgardo Mercado viaj\u00f3 al Instituto Balseiro, en Bariloche, para probar materiales de su obra. Foto: Ariel Grinberg \" loading=\"eager\" width=\"720\" height=\"480\" data-nimg=\"1\" src=\"https:\/\/www.clarin.com\/img\/2026\/05\/01\/EJjqXsXtw_720x0__1.jpg\" \/><span class=\"epigraphe\" aria-hidden=\"true\">Edgardo Mercado viaj\u00f3 al Instituto Balseiro, en Bariloche, para probar materiales de su obra. Foto: Ariel Grinberg <\/span><span class=\"picture-open\"><button class=\"open-image\" aria-label=\"Open Image\"><\/button><\/span><\/div>\n\n<h2>Componentes matem\u00e1ticos<\/h2>\n<div class=\"sc-45461e9c-0 eqiBeF container-text text-embed \">\n<p><strong>-Varias de tus obras, como<em> Rotonda<\/em>, que creaste para el Ballet Contempor\u00e1neo del San Mart\u00edn, <em>M o cualidades y variantes de la masa<\/em>, <em>Tierra de Mandelbrot <\/em>y <em>Plano difuso <\/em>-estas dos piezas que presentaste en la Bienal de danza de Lyon- parecen tener tambi\u00e9n un componente en este caso matem\u00e1tico.<\/strong><\/p>\n<\/div>\n<div class=\"sc-45461e9c-0 eqiBeF container-text text-embed \">\n<p>-Como te dec\u00eda, quise escaparme de la ciencia pero de todos modos me alcanz\u00f3. Fueron muchos a\u00f1os de formaci\u00f3n en f\u00edsica y tambi\u00e9n en la ense\u00f1anza, porque aun cuando ya estaba en el mundo de la danza continu\u00e9 dando clases de ciencias exactas durante quince a\u00f1os m\u00e1s. Esas f\u00f3rmulas y conceptos cient\u00edficos terminaban apareciendo en mis obras m\u00e1s o menos expl\u00edcitamente, o planteadas desde el inicio o que aparec\u00edan despu\u00e9s y me sorprend\u00edan a m\u00ed mismo.<\/p>\n<\/div>\n<div class=\"sc-45461e9c-0 eqiBeF container-text text-embed \">\n<p><strong>\u00bfY en el caso de <em>Po\u00e9ticas de gravedad<\/em>?<\/strong><\/p>\n<\/div>\n<div class=\"sc-45461e9c-0 eqiBeF container-text text-embed \">\n<p>-Part\u00ed de conceptos de la f\u00edsica, pero tambi\u00e9n de la danza, o de la historia de la danza. Est\u00e1 estudiado que el peso del cuerpo en los bailarines es muy determinante, el peso por supuesto relacionado con la atracci\u00f3n de la gravedad. <\/p>\n<\/div>\n<div class=\"sc-98b114a2-0 bkqiHH image-embed  image-embed \"><img decoding=\"async\" alt='\"Po\u00e9tica de gravedad\", de Edgardo Mercado, invita al p\u00fablico a participar.' loading=\"eager\" width=\"720\" height=\"480\" data-nimg=\"1\" src=\"https:\/\/www.clarin.com\/img\/2026\/05\/01\/Bydham50S_720x0__1.jpg\" \/><span class=\"epigraphe\" aria-hidden=\"true\">&#8220;Po\u00e9tica de gravedad&#8221;, de Edgardo Mercado, invita al p\u00fablico a participar.<\/span><span class=\"picture-open\"><button class=\"open-image\" aria-label=\"Open Image\"><\/button><\/span><\/div>\n<div class=\"sc-45461e9c-0 eqiBeF container-text text-embed \">\n<p><strong>-La permanente lucha del bailar\u00edn.<\/strong><\/p>\n<\/div>\n<div class=\"sc-45461e9c-0 eqiBeF container-text text-embed \">\n<p>-S\u00ed. Y lo que me interes\u00f3 es c\u00f3mo revisar esas ideas relacionadas con la danza con conceptos actuales de la f\u00edsica como la mec\u00e1nica cu\u00e1ntica por ejemplo; son conceptos enormes que quise llevar a a una escala humana. Tuve varios colaboradores: por un lado cient\u00edficos y por otro lado, la arquitecta<strong> Mar\u00eda Auxiliadora G\u00e1lvez<\/strong>, que trabaja sobre lo que se denomina \u201carquitectura som\u00e1tica\u201d, pero que adem\u00e1s est\u00e1 formada en una t\u00e9cnica corporal llamada Feldenkrais.<\/p>\n<\/div>\n<div class=\"sc-45461e9c-0 eqiBeF container-text text-embed \">\n<p><strong>-\u00bfQu\u00e9 ser\u00eda la arquitectura som\u00e1tica?<\/strong><\/p>\n<\/div>\n<div class=\"sc-45461e9c-0 eqiBeF container-text text-embed \">\n<p>-Una manera de percibir a trav\u00e9s del cuerpo, tanto en el dise\u00f1o de lugares para habitar como en el paisajismo.<\/p>\n<\/div>\n<h2>Materiales especiales para bailar<\/h2>\n<div class=\"sc-45461e9c-0 eqiBeF container-text text-embed \">\n<p>La creaci\u00f3n de <em>Po\u00e9ticas de gravedad<\/em> llev\u00f3 al equipo formado por Mercado a trasladarse, por ejemplo, hasta el Instituto Balseiro enla ciudad de Bariloche. Uno de los elementos que termin\u00f3 por incorporarse a la obra fue un material muy liviano que se utiliza en la construcci\u00f3n de sat\u00e9lites. En cada lugar que visitaban armaban un taller con bailarines, gente de artes esc\u00e9nicas y<em> performers <\/em>locales para experimentar con este material.<\/p>\n<\/div>\n<div class=\"sc-98b114a2-0 bkqiHH image-embed  image-embed \"><img decoding=\"async\" alt='Edgardo Mercado, core\u00f3grafo y f\u00edsico, asegura: \"Me quise escapar de la ciencia y la ciencia me alcanz\u00f3\". Foto: Ariel Grinberg' loading=\"eager\" width=\"720\" height=\"480\" data-nimg=\"1\" src=\"https:\/\/www.clarin.com\/img\/2026\/05\/01\/w0M7mvG8G_720x0__1.jpg\" \/><span class=\"epigraphe\" aria-hidden=\"true\">Edgardo Mercado, core\u00f3grafo y f\u00edsico, asegura: &#8220;Me quise escapar de la ciencia y la ciencia me alcanz\u00f3&#8221;. Foto: Ariel Grinberg<\/span><span class=\"picture-open\"><button class=\"open-image\" aria-label=\"Open Image\"><\/button><\/span><\/div>\n<div class=\"sc-45461e9c-0 eqiBeF container-text text-embed \">\n<p>Dice Mercado: \u201cFinalmente en la audici\u00f3n que convoqu\u00e9 para elegir a los int\u00e9rpretes de estas funciones en Buenos Aires, me pareci\u00f3 que los m\u00e1s integrados a la propuesta eran los bailarines\u201d.<\/p>\n<\/div>\n<div class=\"sc-45461e9c-0 eqiBeF container-text text-embed \">\n<p><strong>-Volviendo a algo anterior: como la lucha contra la atracci\u00f3n de la gravedad es una cuesti\u00f3n siempre presente en los bailarines, \u00bfesto aparece de alguna manera en la obra?<\/strong><\/p>\n<\/div>\n<div class=\"sc-45461e9c-0 eqiBeF container-text text-embed \">\n<p>-S\u00ed aparece, y mucho, pero no es mi inquietud principal. Mi inquietud central es c\u00f3mo los bailarines \u201cdialogan\u201d todo el tiempo con un espacio que va cambiando constantemente: por los objetos inflables que circulan y por la participaci\u00f3n del p\u00fablico.<\/p>\n<\/div>\n<div class=\"sc-45461e9c-0 eqiBeF container-text text-embed \">\n<p><strong>-\u00bfDe qu\u00e9 manera participa?<\/strong><\/p>\n<\/div>\n<div class=\"sc-45461e9c-0 eqiBeF container-text text-embed \">\n<p>-Los int\u00e9rpretes <strong>hacen sentir al p\u00fablico distintos aspectos de la gravedad como el vac\u00edo, el infinito, la ingravidez, la inestabilidad<\/strong>. Los espectadores est\u00e1n invitados a experimentar estos conceptos que atraviesan la obra.<\/p>\n<\/div>\n<div class=\"sc-98b114a2-0 bkqiHH image-embed  image-embed \"><img decoding=\"async\" alt='Una escena de \"Po\u00e9tica de gravedad\", la obra de Edgardo Mercado.' loading=\"eager\" width=\"720\" height=\"480\" data-nimg=\"1\" src=\"https:\/\/www.clarin.com\/img\/2026\/05\/01\/fAw78_-u1_720x0__1.jpg\" \/><span class=\"epigraphe\" aria-hidden=\"true\">Una escena de &#8220;Po\u00e9tica de gravedad&#8221;, la obra de Edgardo Mercado.<\/span><span class=\"picture-open\"><button class=\"open-image\" aria-label=\"Open Image\"><\/button><\/span><\/div>\n<div class=\"sc-45461e9c-0 eqiBeF container-text text-embed \">\n<p><strong>-\u00bfEs decir que tienen que moverse?<\/strong><\/p>\n<\/div>\n<div class=\"sc-45461e9c-0 eqiBeF container-text text-embed \">\n<p>-Absolutamente.<\/p>\n<\/div>\n<div class=\"sc-45461e9c-0 eqiBeF container-text text-embed \">\n<p><strong>-\u00bfS\u00ed o s\u00ed?<\/strong><\/p>\n<\/div>\n<div class=\"sc-45461e9c-0 eqiBeF container-text text-embed \">\n<p>-No, todos son muy gentilmente invitados; muchos participan, pero alguna gente prefiere quedarse observando.<\/p>\n<\/div>\n<div class=\"sc-45461e9c-0 eqiBeF container-text text-embed \">\n<p><strong>Una pregunta sobre el nombre de la obra: \u00bfpor qu\u00e9 <em>Po\u00e9ticas de gravedad <\/em>y no <em>Po\u00e9ticas de la gravedad<\/em>?<\/strong><\/p>\n<\/div>\n<div class=\"sc-45461e9c-0 eqiBeF container-text text-embed \">\n<p>-Fue toda una discusi\u00f3n que tuve con distinta gente. Como la obra trata de los campos gravitatorios, lo correcto ser\u00eda \u201cde la gravedad\u201d. Pero me gustaba dejar esa ambig\u00fcedad de la palabra \u201cgrave\u201d, que significa tambi\u00e9n muchas otras cosas.<\/p>\n<\/div>\n<h2>Informaci\u00f3n<\/h2>\n<div class=\"sc-45461e9c-0 eqiBeF container-text text-embed \">\n<p>Po\u00e9tica de gravedad da su \u00faltima funci\u00f3n este s\u00e1bado 2 de mayo a las 21.30 en el espacio LABA, Fraga 648, Chacarita. <\/p>\n<\/div>\n<p><strong><a href=\"https:\/\/blockads.fivefilters.org\/\">Adblock test<\/a><\/strong> <a href=\"https:\/\/blockads.fivefilters.org\/acceptable.html\">(Why?)<\/a><\/p>\n<p>\u200b\u00a0\u00a0<\/p>","protected":false},"excerpt":{"rendered":"<p>\u201cQuise escaparme de la ciencia y la ciencia me alcanz\u00f3\u201d. Esta frase del core\u00f3grafo Edgardo&#8230;<\/p>\n","protected":false},"author":1,"featured_media":23575,"comment_status":"closed","ping_status":"closed","sticky":false,"template":"","format":"standard","meta":{"footnotes":""},"categories":[5],"tags":[],"class_list":["post-23574","post","type-post","status-publish","format-standard","has-post-thumbnail","hentry","category-espectaculos"],"aioseo_notices":[],"_links":{"self":[{"href":"https:\/\/infinitoradio.com\/index.php?rest_route=\/wp\/v2\/posts\/23574","targetHints":{"allow":["GET"]}}],"collection":[{"href":"https:\/\/infinitoradio.com\/index.php?rest_route=\/wp\/v2\/posts"}],"about":[{"href":"https:\/\/infinitoradio.com\/index.php?rest_route=\/wp\/v2\/types\/post"}],"author":[{"embeddable":true,"href":"https:\/\/infinitoradio.com\/index.php?rest_route=\/wp\/v2\/users\/1"}],"replies":[{"embeddable":true,"href":"https:\/\/infinitoradio.com\/index.php?rest_route=%2Fwp%2Fv2%2Fcomments&post=23574"}],"version-history":[{"count":0,"href":"https:\/\/infinitoradio.com\/index.php?rest_route=\/wp\/v2\/posts\/23574\/revisions"}],"wp:featuredmedia":[{"embeddable":true,"href":"https:\/\/infinitoradio.com\/index.php?rest_route=\/wp\/v2\/media\/23575"}],"wp:attachment":[{"href":"https:\/\/infinitoradio.com\/index.php?rest_route=%2Fwp%2Fv2%2Fmedia&parent=23574"}],"wp:term":[{"taxonomy":"category","embeddable":true,"href":"https:\/\/infinitoradio.com\/index.php?rest_route=%2Fwp%2Fv2%2Fcategories&post=23574"},{"taxonomy":"post_tag","embeddable":true,"href":"https:\/\/infinitoradio.com\/index.php?rest_route=%2Fwp%2Fv2%2Ftags&post=23574"}],"curies":[{"name":"wp","href":"https:\/\/api.w.org\/{rel}","templated":true}]}}