{"id":23562,"date":"2026-05-01T13:15:07","date_gmt":"2026-05-01T16:15:07","guid":{"rendered":"https:\/\/infinitoradio.com\/?p=23562"},"modified":"2026-05-01T13:15:07","modified_gmt":"2026-05-01T16:15:07","slug":"esta-es-la-ruta-aerea-de-la-argentina-elegida-como-la-mas-turbulenta-del-mundo","status":"publish","type":"post","link":"https:\/\/infinitoradio.com\/?p=23562","title":{"rendered":"Esta es la ruta a\u00e9rea de la Argentina elegida como la m\u00e1s turbulenta del mundo"},"content":{"rendered":"<p>Viajar en avi\u00f3n implica atravesar <b>tres momentos clave<\/b> que suelen generar mayor tensi\u00f3n entre los pasajeros: <b>el despegue, el aterrizaje y las turbulencias<\/b>. Pese a que se trata de fen\u00f3menos habituales y previstos por la aviaci\u00f3n comercial, un reciente informe hizo hincapi\u00e9 en cu\u00e1les son las rutas donde esas sacudidas se sienten con mayor intensidad.<\/p>\n<p>Seg\u00fan un an\u00e1lisis que evalu\u00f3 <b>m\u00e1s de 10.000 vuelos y 550 aeropuertos de todo el mundo<\/b>, la <b>ruta m\u00e1s turbulenta del planeta<\/b> es la que une <b>Santiago de Chile<\/b> <b>con Mendoza<\/b>. Se trata de un trayecto corto, de apenas <b>196 kil\u00f3metros<\/b>, con una duraci\u00f3n promedio de <b>60 minutos<\/b>, pero que concentra condiciones atmosf\u00e9ricas especialmente complejas. <\/p>\n<figure><video height=\"720\" width=\"1280\" poster=\"https:\/\/cdn.jwplayer.com\/v2\/media\/btT1jPVv\/poster.jpg?width=1280\" preload=\"none\"><\/video><figcaption>La ruta de vuelo mas turbulenta del mundo<\/figcaption><\/figure>\n<h1>Por qu\u00e9 Santiago-Mendoza encabeza el ranking <\/h1>\n<p>El estudio le asign\u00f3 a este vuelo un <b>\u00edndice de turbulencia de 22,9 sobre 100<\/b>, el m\u00e1s alto del relevamiento. La explicaci\u00f3n est\u00e1 en una combinaci\u00f3n de factores que confluyen en esa regi\u00f3n: <b>vientos intensos, variaciones t\u00e9rmicas, cambios de presi\u00f3n y la proximidad inmediata de la cordillera de los Andes<\/b>.<\/p>\n<p><img loading=\"lazy\" decoding=\"async\" src=\"https:\/\/resizer.glanacion.com\/resizer\/v2\/OHAR37Y7YVB7RG5X2AVHL7JXZU.PNG?auth=ee706c7acc97926c1d4ebdef152c20287e61cb386525a402b2779ac3e679ac35&amp;smart=true&amp;width=1289&amp;height=691\" alt=\"Las rutas con m\u00e1s turbulencias del mundo.\" height=\"691\" width=\"1289\" \/><\/p>\n<p>La presencia del macizo monta\u00f1oso genera <b>corrientes de aire irregulares y movimientos verticales <\/b>que suelen sentirse con fuerza dentro de la cabina. A esto se suma el contraste entre masas de aire fr\u00edo y caliente, que potencia la inestabilidad.<\/p>\n<p><img loading=\"lazy\" decoding=\"async\" src=\"https:\/\/resizer.glanacion.com\/resizer\/v2\/ML7SZLC4HZCYJLMTBXRD44FZZ4.PNG?auth=15b1ea383a6f834efa26204bd297a63d56b7b1b3ff47bf0df15bd71307092d63&amp;smart=true&amp;width=907&amp;height=663\" alt=\"El mapa de las turbulencias en el mundo\" height=\"663\" width=\"907\" \/><\/p>\n<p>Aunque el dato puede sorprender a los pasajeros, se trata de una ruta <b>bien conocida por pilotos y aerol\u00edneas<\/b>, que operan con procedimientos espec\u00edficos para este tipo de trayectos. Las turbulencias, si bien pueden resultar inc\u00f3modas, <b>no representan un riesgo para la seguridad del vuelo<\/b>, ya que los aviones y las tripulaciones est\u00e1n preparados para afrontarlas. <\/p>\n<p>\u200bUn informe internacional analiz\u00f3 miles de trayectos y aeropuertos; seg\u00fan se inform\u00f3 en LN+, una conexi\u00f3n corta en Sudam\u00e9rica encabeza el ranking por una combinaci\u00f3n de factores naturales\u00a0\u00a0LA NACION<\/p>","protected":false},"excerpt":{"rendered":"<p>Viajar en avi\u00f3n implica atravesar tres momentos clave que suelen generar mayor tensi\u00f3n entre los&#8230;<\/p>\n","protected":false},"author":1,"featured_media":23563,"comment_status":"closed","ping_status":"closed","sticky":false,"template":"","format":"standard","meta":{"footnotes":""},"categories":[2],"tags":[],"class_list":["post-23562","post","type-post","status-publish","format-standard","has-post-thumbnail","hentry","category-nacionales"],"aioseo_notices":[],"_links":{"self":[{"href":"https:\/\/infinitoradio.com\/index.php?rest_route=\/wp\/v2\/posts\/23562","targetHints":{"allow":["GET"]}}],"collection":[{"href":"https:\/\/infinitoradio.com\/index.php?rest_route=\/wp\/v2\/posts"}],"about":[{"href":"https:\/\/infinitoradio.com\/index.php?rest_route=\/wp\/v2\/types\/post"}],"author":[{"embeddable":true,"href":"https:\/\/infinitoradio.com\/index.php?rest_route=\/wp\/v2\/users\/1"}],"replies":[{"embeddable":true,"href":"https:\/\/infinitoradio.com\/index.php?rest_route=%2Fwp%2Fv2%2Fcomments&post=23562"}],"version-history":[{"count":0,"href":"https:\/\/infinitoradio.com\/index.php?rest_route=\/wp\/v2\/posts\/23562\/revisions"}],"wp:featuredmedia":[{"embeddable":true,"href":"https:\/\/infinitoradio.com\/index.php?rest_route=\/wp\/v2\/media\/23563"}],"wp:attachment":[{"href":"https:\/\/infinitoradio.com\/index.php?rest_route=%2Fwp%2Fv2%2Fmedia&parent=23562"}],"wp:term":[{"taxonomy":"category","embeddable":true,"href":"https:\/\/infinitoradio.com\/index.php?rest_route=%2Fwp%2Fv2%2Fcategories&post=23562"},{"taxonomy":"post_tag","embeddable":true,"href":"https:\/\/infinitoradio.com\/index.php?rest_route=%2Fwp%2Fv2%2Ftags&post=23562"}],"curies":[{"name":"wp","href":"https:\/\/api.w.org\/{rel}","templated":true}]}}