{"id":23548,"date":"2026-05-01T11:34:01","date_gmt":"2026-05-01T14:34:01","guid":{"rendered":"https:\/\/infinitoradio.com\/?p=23548"},"modified":"2026-05-01T11:34:01","modified_gmt":"2026-05-01T14:34:01","slug":"netflix-prepara-un-documental-intimo-sobre-gustavo-cerati-con-material-inedito-testimonios-exclusivos-y-estreno-en-2027","status":"publish","type":"post","link":"https:\/\/infinitoradio.com\/?p=23548","title":{"rendered":"Netflix prepara un documental \u00edntimo sobre Gustavo Cerati con material in\u00e9dito, testimonios exclusivos y estreno en 2027"},"content":{"rendered":"<div><img decoding=\"async\" src=\"https:\/\/www.clarin.com\/img\/2026\/04\/30\/ctULzukfL_2000x1500__1.jpg\" class=\"ff-og-image-inserted\" \/><\/div>\n<div>\n<p>A m\u00e1s de una d\u00e9cada de su partida, el legado de<strong> <a href=\"https:\/\/www.clarin.com\/tema\/gustavo-cerati.html\" target=\"_blank\" title=\"Gustavo Cerati \">Gustavo Cerati <\/a><\/strong>no deja de crecer. Mientras su m\u00fasica vuelve a sonar en vivo a trav\u00e9s de la gira con realidad virtual <strong><em><a href=\"https:\/\/www.clarin.com\/espectaculos\/volvio-soda-stereo-canciones-imbatibles-emocion-ultima-tecnologia-regreso-historico_0_1SHOx42x2W.html\" target=\"_blank\" title=\"ECOS\">ECOS<\/a><\/em><\/strong>, ahora <strong><em><a href=\"https:\/\/www.clarin.com\/tema\/netflix.html\" target=\"_blank\" title=\"Netflix\">Netflix<\/a><\/em><\/strong> prepara un documental que se mete de lleno en su historia y promete ir m\u00e1s all\u00e1 de lo conocido.<\/p>\n<\/div>\n<div>\n<p>La plataforma de series y pel\u00edculas anunci\u00f3 una producci\u00f3n hecha en la Argentina que buscar\u00e1 construir <strong>un retrato \u00edntimo<\/strong> del m\u00fasico, enfoc\u00e1ndose no s\u00f3lo en su dimensi\u00f3n art\u00edstica, sino tambi\u00e9n en esas zonas m\u00e1s silenciosas y humanas que muchas veces quedaron fuera de lo p\u00fablico.<\/p>\n<\/div>\n<h2>C\u00f3mo ser\u00e1 el documental de Netflix que contar\u00e1 la historia no conocida de Gustavo Cerati<\/h2>\n<div>\n<p>Actualmente en desarrollo y con <strong>estreno previsto para 2027<\/strong>, el proyecto apunta a descubrir al hombre detr\u00e1s del \u00edcono, ese que transform\u00f3 la escena del rock latinoamericano.<\/p>\n<\/div>\n<div>\n<p>Con<strong> acceso exclusivo a material de archivo nunca antes visto<\/strong>, el documental propone una narrativa que se mete de lleno en su mundo personal. A esto se suman testimonios de su c\u00edrculo m\u00e1s cercano, entre ellos sus compa\u00f1eros de <strong>Soda Stereo<\/strong>, <strong>Zeta Bosio <\/strong>y<strong> Charly Alberti,<\/strong> piezas clave para reconstruir distintas etapas de su vida y carrera.<\/p>\n<\/div>\n<div>\n<p>En 2018, la docuserie<em> Bios. Vidas que marcaron la tuya: Gustavo Cerati<\/em> en <em>Disney<\/em> ofreci\u00f3 un recorrido biogr\u00e1fico con fuerte anclaje en su historia personal y art\u00edstica. A trav\u00e9s de material de archivo y entrevistas a familiares y a su n\u00facleo creativo, la cantante chilena Javiera Mena repas\u00f3 la infancia del m\u00fasico, sus primeros a\u00f1os en Soda Stereo y el fen\u00f3meno masivo que construy\u00f3 junto a Charly Alberti y Zeta Bosio. <\/p>\n<\/div>\n<div>\n<p>Adem\u00e1s, incluy\u00f3 un acceso exclusivo a su intimidad desde la voz de sus hijos, <strong>Benito Cerati <\/strong>y<strong> Lisa Cerati<\/strong>, quienes abrieron las puertas de la \u00faltima casa en la que vivieron con su padre.<\/p>\n<\/div>\n<div>\n<p>A diferencia de aquella propuesta m\u00e1s cronol\u00f3gica, el nuevo documental que prepara Netflix apunta a profundizar en una dimensi\u00f3n m\u00e1s \u00edntima y sensorial, con foco en lo no dicho, en los gestos m\u00ednimos y en ese costado menos explorado que construy\u00f3 al artista m\u00e1s all\u00e1 del escenario.<\/p>\n<\/div>\n<div>\n<p>Desde la producci\u00f3n, la mirada tambi\u00e9n es profundamente emocional. Su hermana, <strong>Laura Cerati<\/strong>, lo define como \u201c<strong>un hombre que supo contagiar su pasi\u00f3n a trav\u00e9s de su poes\u00eda y su m\u00fasica<\/strong>\u201d, capaz de \u201csacar belleza del caos\u201d y construir puentes entre personas y culturas. Una frase que resume bastante bien la esencia de un artista que, incluso hoy, sigue generando nuevas lecturas.<\/p>\n<\/div>\n<div>\n<p>El documental est\u00e1 producido por<em> Landia<\/em> y dirigido por<strong> Picky Talarico<\/strong>, junto a <strong>Andy Fogwill<\/strong>. Talarico ya hab\u00eda explorado el universo del rock regional en <em>Rompan Todo: La historia del rock en Am\u00e9rica Latina<\/em> y, en este caso, suma un condimento clave por su v\u00ednculo personal con Cerati. <\/p>\n<\/div>\n<div>\n<p>Ambos, al igual que Fogwill, trabajaron con el m\u00fasico en vida, dirigiendo videoclips y registrando momentos importantes de su trayectoria.<\/p>\n<\/div>\n<div>\n<p>\u201c<strong>Este documental nos da la posibilidad de contar la vida de un personaje \u00fanico, alguien que dej\u00f3 una huella profunda en millones de personas, <\/strong>explic\u00f3 Talarico. Y agrega que se trata de una oportunidad de &#8220;asomarnos a lo que no se vio, a gestos m\u00ednimos, a zonas m\u00e1s silenciosas de su personalidad s\u00f3lo visibles para quienes tuvimos la suerte de compartir momentos con \u00e9l\u201d.<\/p>\n<\/div>\n<div>\n<p>Entre homenajes en vivo y ahora este nuevo proyecto global, la historia de Cerati parece lejos de cerrarse. M\u00e1s bien, todo indica que sigue expandi\u00e9ndose, como su m\u00fasica.<\/p>\n<\/div>\n<p><strong><a href=\"https:\/\/blockads.fivefilters.org\/\">Adblock test<\/a><\/strong> <a href=\"https:\/\/blockads.fivefilters.org\/acceptable.html\">(Why?)<\/a><\/p>\n<p>\u200b\u00a0\u00a0<\/p>","protected":false},"excerpt":{"rendered":"<p>A m\u00e1s de una d\u00e9cada de su partida, el legado de Gustavo Cerati no deja&#8230;<\/p>\n","protected":false},"author":1,"featured_media":23549,"comment_status":"closed","ping_status":"closed","sticky":false,"template":"","format":"standard","meta":{"footnotes":""},"categories":[5],"tags":[],"class_list":["post-23548","post","type-post","status-publish","format-standard","has-post-thumbnail","hentry","category-espectaculos"],"aioseo_notices":[],"_links":{"self":[{"href":"https:\/\/infinitoradio.com\/index.php?rest_route=\/wp\/v2\/posts\/23548","targetHints":{"allow":["GET"]}}],"collection":[{"href":"https:\/\/infinitoradio.com\/index.php?rest_route=\/wp\/v2\/posts"}],"about":[{"href":"https:\/\/infinitoradio.com\/index.php?rest_route=\/wp\/v2\/types\/post"}],"author":[{"embeddable":true,"href":"https:\/\/infinitoradio.com\/index.php?rest_route=\/wp\/v2\/users\/1"}],"replies":[{"embeddable":true,"href":"https:\/\/infinitoradio.com\/index.php?rest_route=%2Fwp%2Fv2%2Fcomments&post=23548"}],"version-history":[{"count":0,"href":"https:\/\/infinitoradio.com\/index.php?rest_route=\/wp\/v2\/posts\/23548\/revisions"}],"wp:featuredmedia":[{"embeddable":true,"href":"https:\/\/infinitoradio.com\/index.php?rest_route=\/wp\/v2\/media\/23549"}],"wp:attachment":[{"href":"https:\/\/infinitoradio.com\/index.php?rest_route=%2Fwp%2Fv2%2Fmedia&parent=23548"}],"wp:term":[{"taxonomy":"category","embeddable":true,"href":"https:\/\/infinitoradio.com\/index.php?rest_route=%2Fwp%2Fv2%2Fcategories&post=23548"},{"taxonomy":"post_tag","embeddable":true,"href":"https:\/\/infinitoradio.com\/index.php?rest_route=%2Fwp%2Fv2%2Ftags&post=23548"}],"curies":[{"name":"wp","href":"https:\/\/api.w.org\/{rel}","templated":true}]}}