{"id":23538,"date":"2026-05-01T01:06:28","date_gmt":"2026-05-01T04:06:28","guid":{"rendered":"https:\/\/infinitoradio.com\/?p=23538"},"modified":"2026-05-01T01:06:28","modified_gmt":"2026-05-01T04:06:28","slug":"el-incomodo-momento-entre-los-representantes-de-israel-y-palestina-en-un-congreso-de-fifa","status":"publish","type":"post","link":"https:\/\/infinitoradio.com\/?p=23538","title":{"rendered":"El inc\u00f3modo momento entre los representantes de Israel y Palestina en un congreso de FIFA"},"content":{"rendered":"<p>VANCOUVER (AP).- Este jueves en el <b>Congreso que la Federaci\u00f3n lnternacional de F\u00fatbol Asociado (FIFA)<\/b> que se realiz\u00f3 en Vancouver, Canad\u00e1, el presidente de la <b>Asociaci\u00f3n Palestina de F\u00fatbol (APF)<\/b>, <b>Jibril Rajoub<\/b>, <a href=\"https:\/\/www.lanacion.com.ar\/deportes\/futbol\/congreso-de-fifa-en-asuncion-ropa-limpia-negocios-sucios-nid14052025\/\" target=\"_blank\" rel=\"noreferrer\" title=\"https:\/\/www.lanacion.com.ar\/deportes\/futbol\/congreso-de-fifa-en-asuncion-ropa-limpia-negocios-sucios-nid14052025\/\">se neg\u00f3 a estrechar la mano de<\/a> <b>Basim Sheikh Suliman<\/b>, vicepresidente de la <b>Asociaci\u00f3n de F\u00fatbol de Israel (AFI)<\/b>.<\/p>\n<p>El gesto hab\u00eda sido una solicitud del presidente de la FIFA, <b>Gianni Infantino<\/b>, quien buscaba visibilizar una imagen de confraternidad entre ambos pa\u00edses <a href=\"https:\/\/www.lanacion.com.ar\/el-mundo\/guerra-de-estados-unidos-e-israel-contra-iran-en-vivo-tension-en-medio-oriente-hoy-jueves-30-de-nid30042026\/\" target=\"_blank\" rel=\"noreferrer\" title=\"https:\/\/www.lanacion.com.ar\/el-mundo\/guerra-de-estados-unidos-e-israel-contra-iran-en-vivo-tension-en-medio-oriente-hoy-jueves-30-de-nid30042026\/\">en medio del recrudecimiento de la guerra en Medio Oriente<\/a>. <\/p>\n<p>Luego de los discursos de ambas autoridades, Infantino los volvi\u00f3 a convocar al escenario. Pero una vez arriba, se mantuvieron muy distanciados. Antes de descender de la tarima, <b>Rajoub protest\u00f3 en voz alta<\/b>.<\/p>\n<figure><video height=\"1280\" width=\"720\" poster=\"https:\/\/cdn.jwplayer.com\/v2\/media\/PygQWNTD\/poster.jpg?width=720\" preload=\"none\"><\/video><figcaption>El momento en el que los directivos se niegan el saludo<\/figcaption><\/figure>\n<p>Durante su alocuci\u00f3n, Rajoub inst\u00f3 a la FIFA a abordar las acusaciones de la Asociaci\u00f3n Palestina de F\u00fatbol de que <b>Israel incumpli\u00f3 la normativa contra la discriminaci\u00f3n<\/b> al permitir clubes con sede en los asentamientos de Cisjordania. <\/p>\n<p>Adem\u00e1s, confirm\u00f3 que la APF llevar\u00e1 el asunto al Tribunal de Arbitraje Deportivo despu\u00e9s de que la FIFA resolviera en marzo no suspender a Israel. <b>Desde la FIFA citaron el estatuto legal no resuelto y complejo de Cisjordania<\/b>.<\/p>\n<p>Por otro lado -en un asunto separado que involucra a un club israel\u00ed-, la FIFA mult\u00f3 a la AFI con US$190.000 por cargos disciplinarios relacionados con \u201c<b>discriminaci\u00f3n y abuso racista<\/b>\u201d, adem\u00e1s de \u201c<b>conducta ofensiva y violaciones de los principios del juego limpio<\/b>\u201d.<\/p>\n<figure><video height=\"1280\" width=\"720\" poster=\"https:\/\/cdn.jwplayer.com\/v2\/media\/kh0D50W1\/poster.jpg?width=720\" preload=\"none\"><\/video><figcaption>El descargo del presidente de la AFP<\/figcaption><\/figure>\n<p>Despu\u00e9s de que ambos abandonaran el escenario en el Centro de Convenciones de Vancouver, <b>Infantino les agradeci\u00f3 por dirigirse a los delegados e hizo un llamado<\/b>. \u201cPresidente Rajoub, vicepresidente Suliman: <b>trabajemos juntos<\/b>. Trabajemos juntos para dar esperanza a los ni\u00f1os. Trabajemos juntos para eso\u201d, dijo el mandam\u00e1s de la FIFA. <\/p>\n<p>Tras el Congreso, Rajoub explic\u00f3 por qu\u00e9 tom\u00f3 esa decisi\u00f3n y pregunt\u00f3, ante una ronda de periodistas, si Israel tiene \u201c<b>derecho siquiera a formar parte de la FIFA<\/b>\u201d. \u201cDe mi parte, sigo respetando y siguiendo todos los procedimientos legales a trav\u00e9s de las instituciones de la FIFA, <b>pero creo que es momento de entender que Israel deber\u00eda ser sancionado por las violaciones de los estatutos de la FIFA<\/b>, de los derechos humanos\u201d, a\u00f1adi\u00f3 el responsable de la AFP.<\/p>\n<p>Yariv Teper, secretario general interino de la AFl, no realiz\u00f3 comentarios sobre las declaraciones de Rajoub, <b>pero se\u00f1al\u00f3 que s\u00ed estar\u00edan dispuestos a trabajar con sus hom\u00f3logos palestinos<\/b>.<\/p>\n<p><img loading=\"lazy\" decoding=\"async\" src=\"https:\/\/resizer.glanacion.com\/resizer\/v2\/OKFWNPE7XRHVRBGWYO32T4TCEE.png?auth=240e03a1696dbbb81768732f0a61f566f4c69432fb974b3e80c9cf6735ae2245&amp;smart=true&amp;width=696&amp;height=459\" alt=\"El presidente de la FIFA intentando serenar a Rajoub \" height=\"459\" width=\"696\" \/><\/p>\n<p>\u201cEstamos en el Congreso de la FIFA. <b>Nuestra misi\u00f3n es promover el f\u00fatbol y un futuro mejor para todas las regiones<\/b>, y esa es nuestra misi\u00f3n\u201d, expres\u00f3 Teper.<\/p>\n<p>Durante mucho tiempo, los dirigentes del f\u00fatbol palestino sostuvieron que Israel viola los estatutos al permitir que equipos de asentamientos en Cisjordania jueguen en la liga nacional de Israel. <b>Hace 18 meses se abri\u00f3 una investigaci\u00f3n disciplinaria sobre el f\u00fatbol israel\u00ed en respuesta a una segunda objeci\u00f3n de la federaci\u00f3n palestina<\/b>. <\/p>\n<p><i><b>Con informaci\u00f3n de AP<\/b><\/i><\/p>\n<p>\u200bEl presidente de la Asociaci\u00f3n Palestina de F\u00fatbol, \u200b\u200bJibril Rajoub, se neg\u00f3 a saludar a su hom\u00f3logo israel\u00ed, Basim Sheikh Suliman, pese a la insistencia de Gianni Infantino\u00a0\u00a0LA NACION<\/p>","protected":false},"excerpt":{"rendered":"<p>VANCOUVER (AP).- Este jueves en el Congreso que la Federaci\u00f3n lnternacional de F\u00fatbol Asociado (FIFA)&#8230;<\/p>\n","protected":false},"author":1,"featured_media":23539,"comment_status":"closed","ping_status":"closed","sticky":false,"template":"","format":"standard","meta":{"footnotes":""},"categories":[2],"tags":[],"class_list":["post-23538","post","type-post","status-publish","format-standard","has-post-thumbnail","hentry","category-nacionales"],"aioseo_notices":[],"_links":{"self":[{"href":"https:\/\/infinitoradio.com\/index.php?rest_route=\/wp\/v2\/posts\/23538","targetHints":{"allow":["GET"]}}],"collection":[{"href":"https:\/\/infinitoradio.com\/index.php?rest_route=\/wp\/v2\/posts"}],"about":[{"href":"https:\/\/infinitoradio.com\/index.php?rest_route=\/wp\/v2\/types\/post"}],"author":[{"embeddable":true,"href":"https:\/\/infinitoradio.com\/index.php?rest_route=\/wp\/v2\/users\/1"}],"replies":[{"embeddable":true,"href":"https:\/\/infinitoradio.com\/index.php?rest_route=%2Fwp%2Fv2%2Fcomments&post=23538"}],"version-history":[{"count":0,"href":"https:\/\/infinitoradio.com\/index.php?rest_route=\/wp\/v2\/posts\/23538\/revisions"}],"wp:featuredmedia":[{"embeddable":true,"href":"https:\/\/infinitoradio.com\/index.php?rest_route=\/wp\/v2\/media\/23539"}],"wp:attachment":[{"href":"https:\/\/infinitoradio.com\/index.php?rest_route=%2Fwp%2Fv2%2Fmedia&parent=23538"}],"wp:term":[{"taxonomy":"category","embeddable":true,"href":"https:\/\/infinitoradio.com\/index.php?rest_route=%2Fwp%2Fv2%2Fcategories&post=23538"},{"taxonomy":"post_tag","embeddable":true,"href":"https:\/\/infinitoradio.com\/index.php?rest_route=%2Fwp%2Fv2%2Ftags&post=23538"}],"curies":[{"name":"wp","href":"https:\/\/api.w.org\/{rel}","templated":true}]}}