{"id":23536,"date":"2026-05-01T01:06:24","date_gmt":"2026-05-01T04:06:24","guid":{"rendered":"https:\/\/infinitoradio.com\/?p=23536"},"modified":"2026-05-01T01:06:24","modified_gmt":"2026-05-01T04:06:24","slug":"el-ministro-de-gobierno-bonaerense-critico-a-milei-por-su-visita-al-portaaviones-uss-nimitz","status":"publish","type":"post","link":"https:\/\/infinitoradio.com\/?p=23536","title":{"rendered":"El ministro de Gobierno bonaerense critic\u00f3 a Milei por su visita al portaaviones USS Nimitz"},"content":{"rendered":"<p>La Justicia orden\u00f3 la realizaci\u00f3n de peritajes en los audios<i> <\/i>atribuidos al extitular de la <b>Agencia Nacional de Discapacidad<\/b> (Andis) <a href=\"https:\/\/www.lanacion.com.ar\/politica\/diego-spagnuolo-es-indagado-otra-vez-en-la-causa-que-revisa-un-millonario-fraude-en-la-agencia-de-nid28042026\/\" rel=\"\" title=\"https:\/\/www.lanacion.com.ar\/politica\/diego-spagnuolo-es-indagado-otra-vez-en-la-causa-que-revisa-un-millonario-fraude-en-la-agencia-de-nid28042026\/\"><b>Diego Spagnuolo<\/b><\/a> en los que una voz, que ser\u00eda la del exfuncionario, hablaba de un sistema de coimas dentro de la agencia.<\/p>\n<p>Seg\u00fan pudo saber <b>LA NACION<\/b>, el peritaje fue encargado a la Direcci\u00f3n Criminal\u00edstica y Estudios Forenses de la Gendarmer\u00eda Nacional Argentina con el objetivo de corroborar \u201cla veracidad de los audios\u201d.<\/p>\n<p>Este martes, <b>Spagnuolo<\/b> evit\u00f3 declarar durante la ampliaci\u00f3n de su indagatoria en la causa. Allegados al exfuncionario indicaron que \u201cno declarar\u00e1 hasta que no se realice la pericia\u201d, de los audios.<\/p>\n<p>La postura del extitular de Andis y de otros implicados que pidieron la nulidad de la causa es que la presunta falsedad de aquellas grabaciones podr\u00eda comprometer a la causa por entero.<\/p>\n<p>Luego de una semana, el gobierno de <b>Javier Milei <\/b>decidi\u00f3 dejar sin efecto la <b>prohibici\u00f3n de ingreso a los periodistas acreditados en la Casa Rosada<\/b>. La medida, <b>in\u00e9dita desde el regreso de la democracia<\/b>, recogi\u00f3 duras cr\u00edticas de entidades period\u00edsticas, c\u00e1maras empresariales y del arco pol\u00edtico opositor.<\/p>\n<p>En el anochecer del jueves, altas fuentes del Gobierno confirmaron a <b>LA NACION<\/b> que <b>el pr\u00f3ximo lunes los periodistas podr\u00e1n reingresar a Balcarce 50<\/b>. De hecho, varios medios comenzaron a recibir mails individuales con la confirmaci\u00f3n de la autorizaci\u00f3n oficial.<\/p>\n<p><img loading=\"lazy\" decoding=\"async\" src=\"https:\/\/resizer.glanacion.com\/resizer\/v2\/S25BWRAP45FFNDWHK4XFN27BVU.jpg?auth=3d171678b902cf22b288605d9283146dc975c5c20ea3960be788bce8ab734bc4&amp;smart=true&amp;width=1280&amp;height=960\" alt=\"Conferencia de Manuel Adorni\" height=\"960\" width=\"1280\" \/><\/p>\n<p>A la par de la reapertura de la Casa Rosada, el Gobierno prepara una <b>conferencia de prensa del jefe de Gabinete, Manuel Adorni<\/b>, que se concretar\u00eda el mismo lunes, a partir de las 11.<\/p>\n<p>El jueves pasado, y sin aviso previo, el Gobierno prohibi\u00f3 el ingreso de los periodistas. Adujo, en un primer momento, la necesidad de profundizar la investigaci\u00f3n sobre una presunta <b>infiltraci\u00f3n rusa <\/b>en medios de prensa, por el que periodistas de siete medios tuvieron su ingreso a la sala restringido por m\u00e1s de dos semanas, y la <a href=\"https:\/\/www.lanacion.com.ar\/politica\/el-gobierno-denuncio-a-dos-periodistas-por-grabar-en-los-pasillos-de-la-casa-rosada-nid22042026\/\" rel=\"\" title=\"https:\/\/www.lanacion.com.ar\/politica\/el-gobierno-denuncio-a-dos-periodistas-por-grabar-en-los-pasillos-de-la-casa-rosada-nid22042026\/\">denuncia penal<\/a> llevada a cabo por la Casa Militar, que depende de Karina Milei, contra dos periodistas del canal TN por <b>presunto espionaje ilegal<\/b>, luego de conocerse filmaciones en ese medio de los pasillos e interiores de la Casa de Gobierno.<\/p>\n<p><a href=\"https:\/\/www.lanacion.com.ar\/politica\/el-gobierno-levanta-la-prohibicion-de-ingreso-a-los-periodistas-en-la-casa-rosada-nid30042026\/\">Le\u00e9 la nota completa ac\u00e1<\/a><\/p>\n<p>Con un mapa laboral ya alterado \u2014por caso, durante la gesti\u00f3n de Javier Milei, <a href=\"https:\/\/www.lanacion.com.ar\/economia\/empleo-privado-formal-en-las-provincias-solo-cuatro-mejoraron-en-la-comparacion-interanual-nid17042026\/\" rel=\"\" title=\"https:\/\/www.lanacion.com.ar\/economia\/empleo-privado-formal-en-las-provincias-solo-cuatro-mejoraron-en-la-comparacion-interanual-nid17042026\/\">solo Neuqu\u00e9n y R\u00edo Negro lograron generar empleo<\/a> mientras el resto de las provincias registr\u00f3 ca\u00eddas\u2014, el R\u00e9gimen de Incentivo para Grandes Inversiones (RIGI) se suma como un nuevo factor de reconfiguraci\u00f3n territorial. El esquema tiende a reforzar ese patr\u00f3n: beneficiar\u00e1 a distritos con recursos naturales, mientras que otro grupo quedar\u00e1 al margen de las inversiones directas y depender\u00e1 del eventual efecto derrame.<\/p>\n<p>Seg\u00fan datos del Ministerio de Econom\u00eda incluidos en el informe de gesti\u00f3n presentado por el jefe de Gabinete, Manuel Adorni, \u2014que contabilizan 12 proyectos aprobados y 21 en an\u00e1lisis\u2014, el ranking RIGI es encabezado por <b>San Juan,<\/b> con una proyecci\u00f3n de<b> 56.989 empleos directos<\/b> e indirectos y <b>US$25.085 millones en inversiones<\/b> a partir de los proyectos Vicu\u00f1a, El Pach\u00f3n, Los Azules, Gualcamayo y Veladero. En segundo lugar se ubica <b>Catamarca,<\/b> que sumar\u00eda unos <b>18.127 puestos de trabajo y US$9854 millones en inversiones <\/b>por iniciativas como Agua Rica, Salterra Lithium, Sal de Oro II, Sal de Vida, Hombre Muerto Oeste, F\u00e9nix y Diablillos.<\/p>\n<p><img loading=\"lazy\" decoding=\"async\" src=\"https:\/\/resizer.glanacion.com\/resizer\/v2\/TUSXRKSTJ5GYPOHJ4RRFFU2WYU.jpg?auth=f23f00928cc5d7a7c034f62f23ae248af7859123cf29427b45312285c977fca3&amp;smart=true&amp;width=1900&amp;height=1267\" alt=\"De acuerdo con estimaciones oficiales, las iniciativas aprobadas y en v\u00edas de aprobaci\u00f3n podr\u00edan generar en total unos 144.737 empleos directos e indirectos\" height=\"1267\" width=\"1900\" \/><\/p>\n<p>El tercero corresponde a<b> Neuqu\u00e9n,<\/b> con <b>14.468 empleos proyectados y US$12.498 millones en inversiones. R\u00edo Negro,<\/b> en tanto, recibir\u00eda un monto superior \u2014alrededor de <b>US$18.944 millones<\/b>\u2014 pero generar\u00eda menos empleo: unos <b>6478 puestos. <\/b>M\u00e1s atr\u00e1s aparecen <b>Salta (12.114 empleos y US$8519 millones), Santa Fe (10.178 empleos y US$327 millones), La Pampa (7799 empleos y US$672 millones), Mendoza (6684 empleos y US$841 millones), Buenos Aires (5252 empleos y US$831 millones), Jujuy (4667 empleos y US$2392 millones), Entre R\u00edos (1025 empleos y US$116 millones), Chaco (478 empleos y US$50 millones) y Santiago del Estero (478 empleos y US$50 millones).<\/b><\/p>\n<p><b>Sin inversiones \u2014y, por lo tanto, sin previsi\u00f3n de creaci\u00f3n de empleo a trav\u00e9s del RIGI\u2014 figuran la Ciudad de Buenos Aires, Chubut, C\u00f3rdoba, Corrientes, Formosa, La Rioja, Misiones, San Luis, Santa Cruz, Tierra del Fuego y Tucum\u00e1n.<\/b><\/p>\n<p><a href=\"https:\/\/www.lanacion.com.ar\/economia\/cuales-son-las-provincias-a-las-que-las-grandes-inversiones-le-dan-la-espalda-nid30042026\/\">Le\u00e9 la nota completa ac\u00e1<\/a><\/p>\n<p>Abril fue otro mes marcado por la guerra en Medio Oriente. Entre idas y venidas entre Washington y Teher\u00e1n, los activos financieros del mundo se movieron al comp\u00e1s de las noticias, y <b>particularmente las acciones argentinas acumularon una ca\u00edda que alcanz\u00f3 el 16% en d\u00f3lares.<\/b> En el mercado de cambios, el Banco Central acumul\u00f3 por US$2769 millones de compras para sus reservas, mientras que el d\u00f3lar subi\u00f3 ligeramente, luego de tres meses consecutivos a la baja.<\/p>\n<p>En la \u00faltima rueda de esta semana corta,<b> la autoridad monetaria logr\u00f3 adquirir otros US$207 millones <\/b>por sus intervenciones en el mercado de cambios, el volumen m\u00e1s alto desde el 21 de abril pasado. En tanto, en abril acumul\u00f3 compras por US$2769 y se convirti\u00f3 en el <b>segundo mayor registro hist\u00f3rico<\/b>, solo por detr\u00e1s de los US$2882 millones de marzo de 2024.<\/p>\n<p><img loading=\"lazy\" decoding=\"async\" src=\"https:\/\/resizer.glanacion.com\/resizer\/v2\/LHZZEA37PZH4LGOJVLY7AGTO3Q.png?auth=67fb9d3408a6165ffebfc8d41620843962b51af7ef9e2611e4c4e095b977b660&amp;smart=true&amp;width=2000&amp;height=1333\" alt=\"El d\u00f3lar cay\u00f3 este jueves a $1405, mientras que en abril oper\u00f3 pr\u00e1cticamente estable\" height=\"1333\" width=\"2000\" \/><\/p>\n<p><b>\u201cEl ritmo de compras viene siendo consistente con el objetivo de acumulaci\u00f3n, y eso es clave para sostener la credibilidad del programa.<\/b> Adem\u00e1s, el esquema financiero no depende \u00fanicamente del FMI: tambi\u00e9n incorpora financiamiento con garant\u00eda de organismos multilaterales, lo que le da mayor robustez al plan&#8221;, consider\u00f3 Emilio Botto, jefe de Estrategia de Mills Capital.<b> En lo que va del a\u00f1o, el Central acumula un verde de US$7151 millones, <\/b>cuando el Gobierno se propuso una meta de al menos US$10.000 millones para 2026.<\/p>\n<p>En ese contexto, el <b>tipo de cambio oficial mayorista cerr\u00f3 a $1391,12, <\/b>una ca\u00edda diaria de apenas $0,30 (-0,02%). Al ver el recorrido que tuvo esta cotizaci\u00f3n de punta a punta en el mes, acumul\u00f3 una suba de $10 (+0,7%). <b>A pesar de que este mes se aceleraron las liquidaciones del agro, fue el primer mes del a\u00f1o donde las cotizaciones oficiales cerraron al alza.<\/b><\/p>\n<p>En las pizarras del Banco Naci\u00f3n, el <b>d\u00f3lar oficial minorista se mantuvo estable a $1415<\/b> <b>durante la rueda. <\/b>En este caso, con diferentes subas y bajas a lo largo de abril, mostr\u00f3 un avance total de $5 (+0,3%). En tanto, el <b>precio promedio en el resto de los bancos fue de $1415,79, <\/b>de acuerdo con el relevamiento que realiza diariamente el Banco Central (BCRA).<\/p>\n<p><a href=\"https:\/\/www.lanacion.com.ar\/economia\/dolar\/mercados-las-acciones-cayeron-hasta-16-en-abril-y-el-dolar-subio-por-primera-vez-en-tres-meses-nid30042026\/\">Le\u00e9 la nota completa ac\u00e1<\/a><\/p>\n<p>Sin liderazgos definidos ni una hoja de ruta consolidada, <b>un sector del peronismo comenz\u00f3 a ensayar su reconfiguraci\u00f3n con la mirada puesta en 2027<\/b>. Se trata de un grupo de dirigentes de distintos puntos del pa\u00eds que impulsa un debate interno para redefinir las bases del PJ y construir una alternativa tanto a <b>Axel Kicillof<\/b> como a <b>Cristina Kirchner<\/b>, hoy las dos principales figuras que disputan el liderazgo partidario.<\/p>\n<p>El puntapi\u00e9 inicial ser\u00e1 este viernes 1\u00b0 de mayo, desde las 9.30, en un encuentro en Parque Norte. La convocatoria, que busca tener car\u00e1cter <b>transversal<\/b>, es impulsada por el apoderado nacional del PJ y titular de la Auditor\u00eda General de la Naci\u00f3n (AGN), <b>Juan Manuel Olmos<\/b>, junto a los legisladores nacionales <b>Victoria Tolosa Paz<\/b> (Buenos Aires), <b>Guillermo Michel <\/b>(Entre R\u00edos) y <b>Emir F\u00e9lix<\/b> (Mendoza), adem\u00e1s de intendentes de distintos puntos del pa\u00eds como <b>Federico Ach\u00e1val<\/b>, de Pilar.<\/p>\n<p><img loading=\"lazy\" decoding=\"async\" src=\"https:\/\/resizer.glanacion.com\/resizer\/v2\/XRRF4F52OZH7RF7KD7OLXHY5VU.jpg?auth=450dd6bf8a6eb6d3e3b5c1ec696b14b26387796109f0e5ad974f2122b5827a7f&amp;smart=true&amp;width=1600&amp;height=1066\" alt=\"Gustavo Bordet, Guillermo Michel, Ricardo Quintela y Victoria Tolosa Paz, entre otros dirigentes peronistas\" height=\"1066\" width=\"1600\" \/><\/p>\n<p>Los organizadores hablan de un \u201cencuentro transversal para pensar al peronismo\u201d. No habr\u00e1 gobernadores, pero s\u00ed intendentes y funcionarios de distintos niveles de gesti\u00f3n. Tampoco estar\u00e1n figuras centrales del espacio: no fueron invitados <b>Axel Kicillof<\/b> (Movimiento Derecho al Futuro), Sergio Massa (Frente Renovador), <b>Juan Grabois<\/b> (Frente Patria Grande) ni <b>M\u00e1ximo Kirchner<\/b> (La C\u00e1mpora). \u201cTodos ellos tienen sus propias agrupaciones dentro del PJ. Eso ya es una definici\u00f3n y para nosotros es un limitante. Muchos compa\u00f1eros no quieren encasillarse\u201d, explican en el entorno de un organizador, donde insisten en la necesidad de \u201cmirar hacia adelante\u201d.<\/p>\n<p>S\u00ed participar\u00e1n, en cambio, referentes sindicales \u2212entre ellos integrantes del triunvirato de la CGT como <b>Jorge Sola<\/b> y <b>Cristian Jer\u00f3nimo<\/b>\u2212, en un intento por sumar volumen pol\u00edtico y anclaje territorial. Tambi\u00e9n dir\u00e1 presente una treintena de intendentes cordobeses alineados con el gobernador <b>Mart\u00edn Llaryora<\/b>, a quien, seg\u00fan aseguran los organizadores, le avisaron de la convocatoria.<\/p>\n<p><a href=\"https:\/\/www.lanacion.com.ar\/politica\/dirigentes-del-pj-buscan-construir-una-alternativa-a-kicillof-y-al-kirchnerismo-para-2027-nid30042026\/\">Le\u00e9 la nota completa ac\u00e1<\/a><\/p>\n<p>\u201cUn placer charlar con la reina M\u00e1xima sobre econom\u00eda e inclusi\u00f3n financiera. <b>Nunca deja de sorprenderme su nivel de conocimiento<\/b> y su pasi\u00f3n por mejorar el bienestar de las personas\u201d, escribi\u00f3 el ministro de Econom\u00eda en X. Ambos coincidieron en la 11\u00b0 edici\u00f3n del Foro Llao Llao, que se celebra en Bariloche, R\u00edo Negro.<\/p>\n<p><img loading=\"lazy\" decoding=\"async\" src=\"https:\/\/resizer.glanacion.com\/resizer\/v2\/IPJNYIDJPBA75ONGGVDYPHJ7AQ.jpg?auth=7716fe001a39ee342e08789eb71d488ea8f7ab5182170bfc553d16a5e342e37a&amp;smart=true&amp;width=1041&amp;height=694\" alt=\"El posteo del ministro de Econom\u00eda, Luis Caputo, junto a la reina M\u00e1xima de Pa\u00edses Bajos\" height=\"694\" width=\"1041\" \/><\/p>\n<p>Luego del revuelo que se gener\u00f3 la semana pasada tras una <a href=\"https:\/\/www.lanacion.com.ar\/el-mundo\/aseguran-que-trump-analiza-quitar-el-apoyo-al-reino-unido-en-su-disputa-por-malvinas-nid24042026\/\" rel=\"\" title=\"https:\/\/www.lanacion.com.ar\/el-mundo\/aseguran-que-trump-analiza-quitar-el-apoyo-al-reino-unido-en-su-disputa-por-malvinas-nid24042026\/\">filtraci\u00f3n en el Pent\u00e1gono<\/a> que, seg\u00fan public\u00f3 la agencia <i>Reuters<\/i>, contemplaba la <b>suspensi\u00f3n del apoyo de Donald Trump al Reino Unido en su disputa con la Argentina por las<\/b> <b>Islas Malvinas<\/b>, el secretario de Estado, <b>Marco Rubio<\/b>, le rest\u00f3 importancia al asunto al calificarlo de <b>\u201ctan solo un correo electr\u00f3nico\u201d<\/b> y minimiz\u00f3 las probabilidades de que el gobierno norteamericano respalde las reivindicaciones argentinas.<\/p>\n<p>\u201cFue tan solo un correo electr\u00f3nico. <b>La gente se est\u00e1 exaltando demasiado por un correo electr\u00f3nico<\/b>. Era simplemente un correo electr\u00f3nico con algunas ideas\u201d, se\u00f1al\u00f3 el jefe de la diplomacia norteamericana al diario <i>The Telegraph<\/i>, antes de la visita del rey Carlos III a Estados Unidos esta semana.<\/p>\n<p><img loading=\"lazy\" decoding=\"async\" src=\"https:\/\/resizer.glanacion.com\/resizer\/v2\/VE7W6MKH65F6ZD2ZN2NZTLBR7Y.jpg?auth=0dbb184bc31c404853f202d5cea01ffb6681a945d11574488a39a5f2bf59a26b&amp;smart=true&amp;width=8256&amp;height=5504\" alt=\"El secretario de Estado de Estados Unidos, Marco Rubio\" height=\"5504\" width=\"8256\" \/><\/p>\n<p>El mensaje \u2014que habr\u00eda sido redactado por un funcionario de rango inferior, seg\u00fan el medio brit\u00e1nico\u2014 suger\u00eda distintas <b>opciones de Estados Unidos para sancionar a los aliados de la<\/b> <b>OTAN<\/b> que, en su opini\u00f3n, no apoyaron las operaciones militares en la guerra contra Ir\u00e1n. Entre ellas, se\u00f1alaba, se <b>contemplaba la suspensi\u00f3n del apoyo al Reino Unido en su disputa con la Argentina por las <\/b><a href=\"https:\/\/www.lanacion.com.ar\/politica\/uruguay-confirmo-que-autorizo-el-vuelo-del-avion-britanico-a-las-islas-malvinas-y-dijo-que-fue-por-nid17042026\/\" rel=\"\" title=\"https:\/\/www.lanacion.com.ar\/politica\/uruguay-confirmo-que-autorizo-el-vuelo-del-avion-britanico-a-las-islas-malvinas-y-dijo-que-fue-por-nid17042026\/\"><b>Islas Malvinas<\/b><\/a><b>, lo que gener\u00f3 amplias <\/b>repercusiones<b> en Buenos Aires y en Londres.<\/b><\/p>\n<p>Una fuente estadounidense hab\u00eda se\u00f1alado a la agencia brit\u00e1nica <i>Reuters<\/i> que estas opciones de \u201ccastigo\u201d, que tambi\u00e9n incluir\u00edan la expulsi\u00f3n de Espa\u00f1a de la OTAN, se detallaron en una nota en la que se expresaba<b> la frustraci\u00f3n ante la aparente reticencia o negativa de algunos aliados<\/b> a conceder a Estados Unidos derechos de acceso, base y sobrevuelo (ABO, por sus siglas en ingl\u00e9s) para la guerra contra Ir\u00e1n, que comenz\u00f3 el 28 de febrero.<\/p>\n<p><a href=\"https:\/\/www.lanacion.com.ar\/estados-unidos\/marco-rubio-le-bajo-el-tono-a-la-filtracion-sobre-el-posible-giro-de-eeuu-por-malvinas-es-tan-solo-nid30042026\/\">Le\u00e9 la nota completa ac\u00e1<\/a><\/p>\n<p>En una <b>nueva se\u00f1al del gobierno norteamericano hacia la Argentina<\/b>, la <mark class=\"hl_yellow\">Oficina del Representante Comercial de Estados Unidos <\/mark>(USTR, por sus siglas en ingl\u00e9s)<b> mejor\u00f3 la calificaci\u00f3n<\/b> del pa\u00eds luego de tres d\u00e9cadas en su revisi\u00f3n anual del<b> estado global de la protecci\u00f3n y la observancia de los derechos de propiedad intelectual<\/b>.<\/p>\n<p>De acuerdo al llamado <b>Reporte Especial 301<\/b> que public\u00f3 este jueves la USTR, liderada por el representante comercial <b>Jamieson Greer<\/b>, la Argentina pas\u00f3 de estar en la <b>\u201cLista de Vigilancia Prioritaria\u201d<\/b> -destinada a pa\u00edses con deficiencias graves en la protecci\u00f3n o el cumplimiento de los <b>derechos de propiedad intelectual<\/b>&#8211; a la <b>\u201cLista de Vigilancia\u201d <\/b>por <b>\u201csus esfuerzos para abordar preocupaciones significativas\u201d<\/b> en esa materia. La Argentina ocupaba el lugar que deja en la lista desde 1996.<\/p>\n<p>En el reporte, la USTR destac\u00f3 que en febrero pasado Estados Unidos y la Argentina firmaron el <b>Acuerdo Rec\u00edproco sobre Comercio e Inversi\u00f3n (ARTI)<\/b>, en virtud del cual la administraci\u00f3n de <b>Javier Milei<\/b> \u201casumi\u00f3 compromisos que<b> beneficiar\u00e1n a los innovadores y creadores estadounidenses al reforzar la protecci\u00f3n de la propiedad intelectual y priorizar la aplicaci\u00f3n de la ley contra el robo de propiedad intelectual&#8221;<\/b>.<\/p>\n<p><img loading=\"lazy\" decoding=\"async\" src=\"https:\/\/resizer.glanacion.com\/resizer\/v2\/INT63BOGBBCKZJA4Z4EYMG5NTA.jpeg?auth=9328a17773d466d6c181f9687a70b159443260c0e40e8dcff3e981d30a7fae2e&amp;smart=true&amp;width=1280&amp;height=854\" alt=\"El representante comercial de Estados Unidos, Jamieson Greer, y el canciller Pablo Quirno, tras la firma del acuerdo rec\u00edproco de comercio e inversiones entre la Argentina y Estados Unidos.\" height=\"854\" width=\"1280\" \/><\/p>\n<p>\u201cEsto incluye avanzar en la adhesi\u00f3n a varios tratados internacionales claves sobre propiedad intelectual y adoptar medidas para resolver numerosos problemas de propiedad intelectual de larga data identificados en el Informe Especial 301\u2033, se\u00f1al\u00f3 el reporte.<\/p>\n<p>Seg\u00fan fuentes consultadas por <b>LA NACION<\/b> al tanto del asunto, la decisi\u00f3n de la USTR de cambiar el estatus de la Argentina es un <b>reconocimiento a los avances alcanzados en los \u00faltimos meses<\/b> entre ambos pa\u00edses con diversos acuerdos, no solo el de comercio e inversiones firmado por Greer y el canciller<b> Pablo Quirno<\/b> el 5 de febrero pasado en Washington.<\/p>\n<p><a href=\"https:\/\/www.lanacion.com.ar\/economia\/el-gobierno-de-los-eeuu-mejoro-la-nota-de-la-argentina-con-relacion-a-la-propiedad-intelectual-nid30042026\/\">Le\u00e9 la nota completa ac\u00e1<\/a><\/p>\n<p>Despu\u00e9s de una seguidilla de derrotas en la Justicia en <a href=\"https:\/\/www.lanacion.com.ar\/politica\/la-cgt-contraataca-en-la-justicia-por-la-ley-de-reforma-laboral-nid29042026\/\" rel=\"\" title=\"https:\/\/www.lanacion.com.ar\/politica\/la-cgt-contraataca-en-la-justicia-por-la-ley-de-reforma-laboral-nid29042026\/\">su intento de frenar la reforma laboral<\/a>, la Confederaci\u00f3n General del Trabajo (<b>CGT<\/b>) se moviliz\u00f3 hoy a la Plaza de Mayo por el D\u00eda del Trabajador y a modo de homenaje al Papa Francisco, a un a\u00f1o de su fallecimiento. En los discursos, y con un documento de tono combativo, se dej\u00f3 abierta la posibilidad de activar un nuevo paro general contra la gesti\u00f3n de Javier Milei, aunque no se fij\u00f3 una fecha posible.<\/p>\n<p>\u201cLe queremos decir basta a este Gobierno. Se termin\u00f3 la paciencia, se\u00f1or Presidente\u201d, abri\u00f3 el acto el camioneros <b>Octavio Arg\u00fcello<\/b>, integrante del triunvirato de mando de la CGT. Fue el discurso m\u00e1s breve de los jefes cegetistas.<\/p>\n<p>\u201cDespu\u00e9s de la marcha habr\u00e1 una medida de fuerza mucho m\u00e1s fuerte. Se percibe el malhumor social\u201d, dijo <b>Jorge Sola<\/b>, otro de los miembros del triunvirato. <\/p>\n<p><img loading=\"lazy\" decoding=\"async\" src=\"https:\/\/resizer.glanacion.com\/resizer\/v2\/VC2BUJUNFRAIRKDYC55X5WRRJQ.jpeg?auth=4fd20f65be4a177a0b5378212966b57f751055cc9628d7e5cb8294dd7b7d11c4&amp;smart=true&amp;width=2000&amp;height=1333\" alt=\"Marcha, de la CGT, a Plaza de Mayo; en contra la Reforma Laboral. Al conmemorarse, ma\u00f1ana, el 1 de mayo el \" height=\"1333\" width=\"2000\" \/><\/p>\n<p>\u201cClaramente, vamos a ir hacia una medida de fuerza mucho m\u00e1s fuerte. El primer paso, que es mostrar en la calle el malhumor social que en todos lados se percibe, que no es solamente por la ca\u00edda del consumo. Es por el endeudamiento familiar, por la p\u00e9rdida del empleo, por conseguir un empleo de menor calidad que el que se ten\u00eda antes\u201d, afirm\u00f3 Sola en declaraciones a la radio digital <i>Futur\u00f6ck<\/i>. La convocatoria de la CGT, sin embargo, estuvo lejos de ser multitudinaria.<\/p>\n<p>Desde el escenario, como \u00faltimo orador del acto, Sola desafi\u00f3 las estad\u00edsticas oficiales de pobreza. \u201cLo invito al Presidente a visitar la villa donde est\u00e1 el padre Toto o a caminar cinco cuadras. Est\u00e1 divorciados del di\u00e1logo. \u00bfD\u00f3nde est\u00e1n los pobres que dicen que sacaron de la pobreza?\u201c, plante\u00f3 el dirigente.<\/p>\n<p>Y agreg\u00f3: \u201cNo hay libertad posible cuando falta la comida en la casa, no hay libertad posible cuando los pibes no pueden ir a la escuela. Protestar es nuestra responsabilidad, pero no basta solo con eso. Convoco a que demos un paso m\u00e1s: seamos capaces de ir hacia un nuevo contrato social y que la justicia social sea lo importante de un programa de gobierno\u201d.<\/p>\n<p><a href=\"https:\/\/www.lanacion.com.ar\/politica\/la-cgt-marcha-a-plaza-de-mayo-por-el-dia-del-trabajador-y-define-si-activa-otro-paro-general-nid30042026\/\">Le\u00e9 la nota completa ac\u00e1<\/a><\/p>\n<p>El ministro de Gobierno bonaerense se vali\u00f3 de las redes sociales para dejar en claro que \u201cla recepci\u00f3n constante de autoridades y embarcaciones militares de EE.UU. corresponde al embajador de ese pa\u00eds\u201d. \u201c<b>Su obligaci\u00f3n es con la Argentina<\/b>\u201d, consider\u00f3 Bianco respecto de la presencia del jefe de Estado en el portaaviones USS Nimitz.<\/p>\n<p>\u201cSomos un pa\u00eds demasiado grande para que el presidente degrade la investidura d\u00eda tras d\u00eda con estos episodios. <b>La Argentina necesita un presidente que act\u00fae como tal, y no como un embajador extranjero<\/b>\u201d, sostuvo.<\/p>\n<p><img loading=\"lazy\" decoding=\"async\" src=\"https:\/\/resizer.glanacion.com\/resizer\/v2\/UJMNNF44LVBSJJ4IRSANQUAMSE.jpg?auth=e129900ce5da1de7ccc9969beb15490c08af1b9d8e4b35fb3db48dd38e692eaa&amp;smart=true&amp;width=986&amp;height=655\" alt=\"El ministro de Gobierno bonaerense, Carlos Bianco, apunt\u00f3 contra el presidente Javier Milei por su aparici\u00f3n en el portaaviones USS Nimitz\" height=\"655\" width=\"986\" \/><\/p>\n<p>Y afirm\u00f3: \u201cRecordemos que esta visita al portaaviones estadounidense se da en el marco del ejercicio Passex 2026, el cual no cont\u00f3 con la autorizaci\u00f3n del Congreso, en violaci\u00f3n de la Constituci\u00f3n y la Ley 25.880\u2033.<\/p>\n<p>El gendarme <b>Nahuel Gallo<\/b> denunci\u00f3 este jueves por primera vez ante la Justicia Federal las <b>\u201ctorturas\u201d que sufri\u00f3 durante los 448 d\u00edas que permaneci\u00f3 detenido en Venezuela<\/b>, en un paso que describi\u00f3 como \u201cdoloroso\u201d pero necesario para exigir \u201cjusticia\u201d por todos los extranjeros y venezolanos que siguen detenidos por el r\u00e9gimen chavista.<\/p>\n<p>\u201cHoy di un paso que me cost\u00f3 mucho: por primera vez cont\u00e9 lo que viv\u00ed en Venezuela desde el 8 de diciembre de 2024. Volver a esos momentos duele. Revivirlos no es f\u00e1cil. Pero hay algo m\u00e1s fuerte que el miedo: la verdad. Y la verdad es que el r\u00e9gimen venezolano s\u00ed tortura, y lo sigue haciendo. No es un discurso, es una realidad que muchos hemos vivido\u201d, expres\u00f3 Gallo desde sus redes sociales.<\/p>\n<p><img loading=\"lazy\" decoding=\"async\" src=\"https:\/\/resizer.glanacion.com\/resizer\/v2\/A3S3D3QBNNFHRFUGJ273D4EDKI.jpg?auth=6daccf625e706379a32351ff8fe1ee53511f4dea9712093dc132c592ee072b46&amp;smart=true&amp;width=2048&amp;height=1742\" alt=\"El gendarme\u00a0Nahuel Gallo\u00a0denunci\u00f3 por primera vez ante la Justicia Federal las\u00a0\u201ctorturas\u201d que sufri\u00f3 durante los 448 d\u00edas que permaneci\u00f3 detenido en Venezuela\" height=\"1742\" width=\"2048\" \/><\/p>\n<p>La declaraci\u00f3n en sede judicial se produjo luego de que el pasado 17 de abril Gallo se presentara como querellante ante la Justicia Federal argentina en <a href=\"https:\/\/www.lanacion.com.ar\/politica\/el-gendarme-nahuel-gallo-declarara-como-testigo-en-una-causa-contra-nicolas-maduro-en-la-argentina-nid22042026\/\" rel=\"\" title=\"https:\/\/www.lanacion.com.ar\/politica\/el-gendarme-nahuel-gallo-declarara-como-testigo-en-una-causa-contra-nicolas-maduro-en-la-argentina-nid22042026\/\">la causa abierta contra el destituido presidente venezolano <b>Nicol\u00e1s Maduro<\/b><\/a> y otros jerarcas del r\u00e9gimen chavista por cr\u00edmenes de lesa humanidad. En ese expediente <b>el gendarme pidi\u00f3 ser reconocido como \u201cv\u00edctima directa\u201d<\/b>, seg\u00fan se inform\u00f3 en un comunicado.<\/p>\n<p><a href=\"https:\/\/www.lanacion.com.ar\/politica\/nahuel-gallo-denuncio-en-la-justicia-las-torturas-que-sufrio-en-venezuela-di-un-paso-que-me-costo-nid30042026\/\">Le\u00e9 la nota completa ac\u00e1<\/a><\/p>\n<p>\u201cEsta CGT representa a todos los intereses, tanto de los trabajadores que votaron a este gobierno como a los que no lo votaron. Este gobierno no quiere di\u00e1logo, lleva la palabra destrucci\u00f3n consigo. Nosotros estamos acostumbrados a construir.<b> Queremos una comunidad compartida, y creemos en una comunidad organizada. Somos de la cultura del encuentro. Con el s\u00e1lvese quien pueda, con el que cada uno sea el jefe propio, nosotros llevamos las banderas de la justicia social<\/b>\u201d, complet\u00f3 el integrante del triunvirato cegetista.<\/p>\n<p>\u201cLas pol\u00edticas econ\u00f3micas que impulsa este Gobierno impactan al pueblo. No podemos quedarnos en silencio. Desde la CGT decimos con claridad: a todos aquellos que nos critican, seguimos con la lucha. No hay desarrollo posible sin trabajo. No hay libertad posible sin justicia social. Venimos a marcarle los l\u00edmites a este gobierno. <b>Cuando se ajusta a los trabajadores, se destruye a la Argentina<\/b>\u201c, sentenci\u00f3 el secretario general de la CGT.<\/p>\n<p>\u201cVenimos a decirle a este Gobierno que no soportamos. Se rematan nuestros recursos naturales, se consolida una deuda impagable para nuestro pueblo. <b>Le tenemos que decir basta a este gobierno corrupto y explotador<\/b>. <b>Tenemos que hacerlo en unidad, es la \u00fanica manera de terminar este flagelo. No hay que abandonar nuestra lucha. Se termin\u00f3 la paciencia, se\u00f1or Presidente<\/b>\u201d, dijo a continuaci\u00f3n el cosecretario general de la CGT.<\/p>\n<p>El cura villero de la Parroquia Virgen de los Milagros de Cacup\u00e9, en la Villa 21-24, <b>fue uno de los primeros en hablar durante la marcha de la CGT en Plaza de Mayo<\/b>, en la previa por el D\u00eda del Trabajador. <\/p>\n<p>\u201cA lo mejor hoy, estando ac\u00e1, la realidad es superior a un Excel. La realidad es superior al equilibrio fiscal. El papa Francisco nos ense\u00f1\u00f3 que el trabajo es con derechos, o es esclavismo\u201d, dijo al hacer uso de la palabra.<\/p>\n<p><b>La cuenta oficial del FBI public\u00f3 un comunicado felicitando a la SIDE por el lanzamiento del Centro Nacional Antiterrorismo (CNA)<\/b>. \u201cFelicitamos a nuestros socios de las fuerzas del orden en Argentina por el lanzamiento de la iniciativa contra el terrorismo sin precdentes en la regi\u00f3n\u201d, dice el posteo subido a la red social X.<\/p>\n<p><img loading=\"lazy\" decoding=\"async\" src=\"https:\/\/resizer.glanacion.com\/resizer\/v2\/LAXTB2NAFVBTNDT62BQ4LEA4WM.jpg?auth=ac5cb44ba6750b8c1b6ea270fb5e430ede375b2e8f4b71b7ef7a337c2e3a936f&amp;smart=true&amp;width=1041&amp;height=697\" alt=\"El FBI felicit\u00f3 a la SIDE por el lanzamiento del Centro Nacional Antiterrorismo\" height=\"697\" width=\"1041\" \/><\/p>\n<p>A partir del comunicado, el Subsecretario de Inteligencia, <b>Jos\u00e9 Lago Rodr\u00edguez,<\/b> asegur\u00f3 que \u201cpara las fuerzas del orden en Argentina es un enorme orgullo trabajar codo a codo con el FBI, la instituci\u00f3n m\u00e1s reconocida del mundo en la lucha contra el terrorismo\u201d. Desde la agencia estadounidense tambi\u00e9n afirmaron que la inauguraci\u00f3n del CNA \u201ces un paso clave hacia el fortalecimiento de la cooperaci\u00f3n internacional en la lucha contra el crimen\u201d.<\/p>\n<p>La oposici\u00f3n autoconvoc\u00f3 la <b>Comisi\u00f3n de Libertad de Expresi\u00f3n <\/b>de la C\u00e1mara de Diputados para exponer la situaci\u00f3n que atraviesa el periodismo en la Argentina y, en particular, el <b>v\u00ednculo de creciente tensi\u00f3n entre el Gobierno y la prensa.<\/b><\/p>\n<p>La reuni\u00f3n se realiz\u00f3 un d\u00eda despu\u00e9s de un nuevo episodio: durante la sesi\u00f3n informativa del jefe de Gabinete, <b>Manuel Adorni<\/b>, el presidente <b>Javier Milei <\/b>llam\u00f3 <a href=\"https:\/\/www.lanacion.com.ar\/politica\/javier-milei-ataco-otra-vez-a-los-periodistas-corruptos-son-ustedes-nid29042026\/\" rel=\"\" title=\"https:\/\/www.lanacion.com.ar\/politica\/javier-milei-ataco-otra-vez-a-los-periodistas-corruptos-son-ustedes-nid29042026\/\">\u201cchorros y corruptos\u201d<\/a> a periodistas acreditados en el Congreso tras una pregunta sobre la situaci\u00f3n patrimonial de su funcionario.<\/p>\n<p>El conflicto tuvo un punto de inflexi\u00f3n la semana pasada, cuando el Gobierno decidi\u00f3 <a href=\"https:\/\/www.lanacion.com.ar\/politica\/el-gobierno-mantiene-la-prohibicion-del-ingreso-a-los-periodistas-a-la-casa-rosada-nid27042026\/\" rel=\"\" title=\"https:\/\/www.lanacion.com.ar\/politica\/el-gobierno-mantiene-la-prohibicion-del-ingreso-a-los-periodistas-a-la-casa-rosada-nid27042026\/\"><b>cerrar indefinidamente<\/b><\/a><b> la sala de periodistas de la Casa Rosada<\/b>. Desde entonces, la prensa tiene restringido el acceso a la sede oficial. La explicaci\u00f3n informal fue que un periodista hab\u00eda filmado sin autorizaci\u00f3n, pero la medida termin\u00f3 afectando a todos los acreditados.<\/p>\n<p>La reuni\u00f3n de esta ma\u00f1ana -que no figur\u00f3 en la agenda oficial- fue impulsada por los vicepresidentes de la comisi\u00f3n, <b>Nicol\u00e1s Trotta<\/b> (Uni\u00f3n por la Patria) y <b>Lourdes Arrieta<\/b> (Provincias Unidas), luego de que el presidente del cuerpo, el libertario <b>Guillermo Montenegro<\/b>, se negara a habilitarla formalmente. No participaron diputados de La Libertad Avanza ni de sus aliados de Pro y la UCR.<\/p>\n<p><a href=\"https:\/\/www.lanacion.com.ar\/politica\/la-oposicion-se-autoconvoco-en-diputados-para-alertar-sobre-el-clima-hostil-para-el-periodismo-nid30042026\/\">Le\u00e9 la nota completa ac\u00e1<\/a><\/p>\n<p>En la antesala de su presentaci\u00f3n en la C\u00e1mara de Diputados, <a href=\"https:\/\/www.lanacion.com.ar\/politica\/manuel-adorni-expone-en-el-congreso-todo-lo-que-hay-saber-nid29042026\/\" rel=\"\" title=\"https:\/\/www.lanacion.com.ar\/politica\/manuel-adorni-expone-en-el-congreso-todo-lo-que-hay-saber-nid29042026\/\"><b>Manuel Adorni<\/b><\/a><b> dej\u00f3 por escrito el tono que llevar\u00eda al recinto<\/b>. En el informe de gesti\u00f3n N\u00b0145, de m\u00e1s de 1900 p\u00e1ginas, el jefe de Gabinete respondi\u00f3 a preguntas sobre su <b>patrimonio<\/b>, sus <b>viajes <\/b>y <b>distintas causas judiciales<\/b>.<\/p>\n<p>El documento dej\u00f3 ver los ejes de su defensa en el recinto: <b>limitar el alcance de ciertas preguntas<\/b>, <b>diferenciar su rol actual de su etapa como vocero presidencial <\/b>y sostener que <b>varios temas est\u00e1n bajo investigaci\u00f3n<\/b>, lo que -seg\u00fan plante\u00f3- impide brindar mayores detalles.<\/p>\n<p><a href=\"https:\/\/www.lanacion.com.ar\/politica\/una-por-una-las-preguntas-clave-que-respondio-manuel-adorni-antes-de-su-presentacion-en-el-congreso-nid29042026\/\">Le\u00e9 la nota completa ac\u00e1<\/a><\/p>\n<p><img loading=\"lazy\" decoding=\"async\" src=\"https:\/\/resizer.glanacion.com\/resizer\/v2\/JGRQJWWDZRCGHMJKEXPLG35LG4.jpg?auth=f64f1eb739af0eef7c32ca375c6a2a5d47801ce41ed978843f1cc0beeaadb6bb&amp;smart=true&amp;width=1417&amp;height=981\" alt=\"Javier Lanari, el secretario de Comunicaci\u00f3n y Prensa de Milei que cerr\u00f3 la sala de periodistas de la Casa Rosada\n\" height=\"981\" width=\"1417\" \/><\/p>\n<p>Experiodista y actual secretario de Comunicaci\u00f3n y Prensa, <b>Javier Lanari<\/b> fue quien debi\u00f3 ejecutar la orden presidencial del <a href=\"https:\/\/www.lanacion.com.ar\/politica\/el-gobierno-prohibe-el-ingreso-de-todos-los-periodistas-acreditados-a-la-casa-rosada-nid23042026\/\" rel=\"\" title=\"https:\/\/www.lanacion.com.ar\/politica\/el-gobierno-prohibe-el-ingreso-de-todos-los-periodistas-acreditados-a-la-casa-rosada-nid23042026\/\">cierre de la sala de periodistas <\/a>de la Casa Rosada.<\/p>\n<p>Se trata de una decisi\u00f3n in\u00e9dita en democracia, que ya lleva una semana y no se sabe si la restricci\u00f3n se levantar\u00e1. Lanari es hoy el \u00fanico miembro del Gobierno que mantiene abierto el canal de di\u00e1logo por el tema con el periodismo, a la espera de una decisi\u00f3n de los hermanos Milei que revierta lo ejecutado el pasado 23 de abril.<\/p>\n<p>La decisi\u00f3n oficial se tom\u00f3 tras una denuncia de la Casa Militar por presunto espionaje ilegal contra dos periodistas de la se\u00f1al Todo Noticias por la difusi\u00f3n de una filmaci\u00f3n hecha dentro de la Casa Rosada. \u201cLa denuncia fue de Casa Militar, tiene que ver con la seguridad del Presidente. \u00c9l no tiene nada injerencia en eso\u201d, definieron ante <b>LA NACION<\/b> cerca de Lanari.<\/p>\n<p>El Frente de Izquierda-Unidad (FIT-U), la alianza izquierdista que integran el Partido de los Trabajadores Socialistas, el Partido Obrero, Izquierda Socialista y el Movimiento Socialista de los Trabajadores, denunci\u00f3 que tres de <a href=\"https:\/\/www.lanacion.com.ar\/politica\/con-16-excluidos-el-senado-avanza-con-el-polemico-ascenso-de-diplomaticos-nid30042026\/\" rel=\"\" title=\"https:\/\/www.lanacion.com.ar\/politica\/con-16-excluidos-el-senado-avanza-con-el-polemico-ascenso-de-diplomaticos-nid30042026\/\">sus dirigentes<\/a> fueron detenidos cuando formaban parte de una flota de ayuda humanitaria que se dirig\u00eda hacia Gaza y fue interceptada por Israel.<\/p>\n<p>Los dirigentes que fueron retenidos, seg\u00fan informaron a <b>LA NACION <\/b>fuentes del FIT-U, son <b>Celeste Fierro<\/b>, <b>Ra\u00fal Laguna Bosch <\/b>(ambos del Movimiento Socialista de los Trabajadores) y <b>Pablo Giachello<\/b> (del Partido Obrero). Los tres viajaban a bordo de la embarcaci\u00f3n Kafr Birim . En la embarcaci\u00f3n denominada Amca se trasladan los dirigentes del partido Izquierda Socialista <b>M\u00f3nica Schlotthauer<\/b> y <b>Ezequiel Peressini<\/b>, quienes contin\u00faan el viaje. Tambi\u00e9n viaja una militante argentina.<\/p>\n<p>Condenado y detenido por la causa Vialidad, el exsecretario de Obras P\u00fablicas <b>Jos\u00e9 L\u00f3pez<\/b>, c\u00e9lebre por la escena de los bolsos con casi 9 millones de d\u00f3lares que llev\u00f3 a un convento de monjas, <b>fue indagado en el juicio de los Cuadernos de las Coimas<\/b>. En esta causa, L\u00f3pez es el funcionario arrepentido de mayor rango.<\/p>\n<p>En un relato corto ante los jueces del tribunal se declar\u00f3 \u201cinocente\u201d, defendi\u00f3 a la expresidenta Cristina Kirchner -\u201cNunca vi a Cristina Kirchner como jefa de una asociaci\u00f3n il\u00edcita\u201d, dijo- y sugiri\u00f3 que muchos testimonios de la causa pod\u00edan haber sido resultado de alguna \u201cpresi\u00f3n\u201d.<\/p>\n<p>Sin embargo, no se refiri\u00f3 al contenido de su propia declaraci\u00f3n como arrepentido en la causa, una de las m\u00e1s ricas en detalles sobre el sistema de recaudaci\u00f3n que ahora es juzgado por el Tribunal Oral Federal 7. No contest\u00f3 preguntas de ninguna de las partes, ni siquiera de su defensa.<\/p>\n<p>Los gobiernos de <b>Donald Trump <\/b>y <b>Javier Milei <\/b>dieron un paso m\u00e1s para afianzar la alianza estrat\u00e9gica en materia militar con la visita del <b>jefe del Comando Sur de los Estados Unidos, contraalmirante Mark A. Schafer, <\/b>y la llegada de dos buques militares de relieve para participar de ejercicios militares en aguas de la Zona Econ\u00f3mica Exclusiva de la Argentina.<\/p>\n<blockquote class=\"twitter-tweet\">\n<p lang=\"es\" dir=\"ltr\">A bordo del portaaviones USS &#8220;Nimitz&#8221; de la <a href=\"https:\/\/twitter.com\/USNavy?ref_src=twsrc%5Etfw\">@USNavy<\/a>, el Presidente <a href=\"https:\/\/twitter.com\/JMilei?ref_src=twsrc%5Etfw\">@JMilei<\/a> participa de una jornada del Passex 2026 \ud83c\udde6\ud83c\uddf7\ud83c\uddfa\ud83c\uddf8 junto al Ministro <a href=\"https:\/\/twitter.com\/TGCarlosPresti?ref_src=twsrc%5Etfw\">@tgcarlospresti<\/a>, los jefes del <a href=\"https:\/\/twitter.com\/EMCFFAA_Arg?ref_src=twsrc%5Etfw\">@EMCFFAA_Arg<\/a> y de la <a href=\"https:\/\/twitter.com\/Armada_Arg?ref_src=twsrc%5Etfw\">@Armada_Arg<\/a> y el embajador Peter Lamelas.<\/p>\n<p>Presenciar\u00e1n demostraciones a\u00e9reas de aviones\u2026 <a href=\"https:\/\/t.co\/SljsYzfdoc\">pic.twitter.com\/SljsYzfdoc<\/a><\/p>\n<p>\u2014 Ministerio de Defensa (@MinDefensa_Ar) <a href=\"https:\/\/twitter.com\/MinDefensa_Ar\/status\/2049867943681396765?ref_src=twsrc%5Etfw\">April 30, 2026<\/a><\/p><\/blockquote>\n<p>Luego de la sesi\u00f3n por el<b> <\/b><a href=\"https:\/\/www.lanacion.com.ar\/politica\/manuel-adorni-expone-en-diputados-dijo-que-el-gobierno-solo-se-debe-a-la-gente-comun-y-elude-nid29042026\/\" rel=\"\" title=\"https:\/\/www.lanacion.com.ar\/politica\/manuel-adorni-expone-en-diputados-dijo-que-el-gobierno-solo-se-debe-a-la-gente-comun-y-elude-nid29042026\/\"><b>informe de gesti\u00f3n<\/b> en la que el jefe de Gabinete, <b>Manuel Adorni<\/b><\/a>, respondi\u00f3 m\u00e1s de 2000 preguntas de los miembros del bloque en la C\u00e1mara de Diputados pero<b> esquiv\u00f3 dar informaci\u00f3n sobre el aumento de su patrimonio y las denuncias en su contra<\/b>, el presidente <b>Javier Milei volvi\u00f3 a apuntar contra la prensa<\/b> y critic\u00f3 la cobertura period\u00edstica de los medios de comunicaci\u00f3n durante la jornada de este mi\u00e9rcoles.<\/p>\n<p>\u201cDesenmascarando el <b>accionar de las basuras inmundas<\/b> (95%) que llevan el r\u00f3tulo de \u2018periodistas\u2019. La <b>falta de pauta<\/b> los tiene tan locos que hoy no exhiben diferencia alguna en visi\u00f3n\u201d, escribi\u00f3 el jefe de Estado en su cuenta de <i>X<\/i>.<\/p>\n<p><img loading=\"lazy\" decoding=\"async\" src=\"https:\/\/resizer.glanacion.com\/resizer\/v2\/BFCBGUNE2NCF3HKKI2I3DMKUMY.PNG?auth=86c976bcd8a877ba2a055e6505729010a8bee9bbfd1c7148be221e8b9788a623&amp;smart=true&amp;width=744&amp;height=509\" alt=\"El posteo de Milei.\" height=\"509\" width=\"744\" \/><\/p>\n<p>WASHINGTON.- En su informe anual 2025, publicado la semana pasada, la <b>Comisi\u00f3n Interamericana de Derechos Humanos (CIDH)<\/b>, mediante la Relator\u00eda Especial, advirti\u00f3 sobre la persistencia de un <b>\u201cdeterioro en las condiciones para el ejercicio efectivo del derecho a la libertad de expresi\u00f3n\u201d<\/b> en la Argentina, y apunt\u00f3 a los reiterados <b>\u201cdiscursos estigmatizantes\u201d<\/b> por parte de autoridades contra periodistas y medios de comunicaci\u00f3n.<\/p>\n<p>En ese marco,<b> Edgar Stuardo Ral\u00f3n Orellana<\/b>, presidente de la CIDH y relator para la Argentina, se\u00f1al\u00f3 en una entrevista con <b>LA NACION<\/b> que este \u00f3rgano de la <b>Organizaci\u00f3n de los Estados Americanos (OEA)<\/b>,<b> <\/b>con sede en Washington,<b> analiza y monitorea <\/b><a href=\"https:\/\/www.lanacion.com.ar\/politica\/el-gobierno-mantiene-la-prohibicion-del-ingreso-a-los-periodistas-a-la-casa-rosada-nid27042026\/\" rel=\"\" title=\"https:\/\/www.lanacion.com.ar\/politica\/el-gobierno-mantiene-la-prohibicion-del-ingreso-a-los-periodistas-a-la-casa-rosada-nid27042026\/\"><b>el cierre indefinido de la sala de prensa de la Casa Rosada<\/b><\/a> a ra\u00edz de la denuncia penal contra dos periodistas del canal <i>Todo Noticias<\/i> por presunto espionaje ilegal, aunque evit\u00f3 responder si le pidieron alg\u00fan tipo de informe del caso a la administraci\u00f3n de <b>Javier Milei<\/b>.<\/p>\n<p><img loading=\"lazy\" decoding=\"async\" src=\"https:\/\/resizer.glanacion.com\/resizer\/v2\/3PD7NT4UOVDTDKHI2NIOBCJCCQ.JPG?auth=719b8e014c60eaeafc94b677fe2f824ad2da6a2960c51f37466bc88454be7e8f&amp;smart=true&amp;width=3500&amp;height=2335\" alt=\"Habla Jorge Sol\u00e1, Secretario Gral. de la CGT junto a Cristian Jer\u00f3nimo y Octavio Arg\u00fcello. Acto convocado por esta y otras ogranizacionea a Plaza de Mayo para rechazar la reforma laboral.\" height=\"2335\" width=\"3500\" \/><\/p>\n<p>Despu\u00e9s de una seguidilla de derrotas en la Justicia en <a href=\"https:\/\/www.lanacion.com.ar\/politica\/la-cgt-contraataca-en-la-justicia-por-la-ley-de-reforma-laboral-nid29042026\/\" rel=\"\" title=\"https:\/\/www.lanacion.com.ar\/politica\/la-cgt-contraataca-en-la-justicia-por-la-ley-de-reforma-laboral-nid29042026\/\">su intento de frenar la reforma laboral<\/a>, la Confederaci\u00f3n General del Trabajo (<b>CGT<\/b>) se movilizar\u00e1 hoy a la Plaza de Mayo por el D\u00eda del Trabajador y a modo de homenaje al Papa Francisco. Es probable que de los discursos del triunvirato de mando se avance en la posibilidad de activar un nuevo paro general contra la gesti\u00f3n de Javier Milei. De concretarse, ser\u00eda la quinta huelga de la central obrera peronista contra el Gobierno.<\/p>\n<p>\u201cDespu\u00e9s de la marcha habr\u00e1 una medida de fuerza mucho m\u00e1s fuerte. Se percibe el malhumor social\u201d, dijo Jorge Sola, uno de los miembros del triunvirato de mando de la CGT. Esta tarde Sola ser\u00e1 uno de los tres oradores del acto. Los otros ser\u00e1n Cristian Jer\u00f3nimo y Octavio Arg\u00fcello.<\/p>\n<p>\u201cClaramente, vamos a ir hacia una medida de fuerza mucho m\u00e1s fuerte. Me interesa el primer paso, que es mostrar en la calle el malhumor social que en todos lados se percibe, que no es solamente por la ca\u00edda del consumo. Es por el endeudamiento familiar, por la p\u00e9rdida del empleo, por conseguir un empleo de menor calidad que el que se ten\u00eda antes\u201d, afirm\u00f3 Sola en declaraciones a la radio digital <i>Futur\u00f6ck<\/i>.<\/p>\n<p><img loading=\"lazy\" decoding=\"async\" src=\"https:\/\/resizer.glanacion.com\/resizer\/v2\/MHZTGGJWDNGPRM7YGW4FR4RUEA.jpg?auth=74d6869c3f50a062879392f0174dc3d1a0c1229b4a2348a5cb85ff0b763514e9&amp;smart=true&amp;width=2000&amp;height=1333\" alt=\"Jorge Macri asegur\u00f3 que la Ciudad financia obras con el pago de los extranjeros\" height=\"1333\" width=\"2000\" \/><\/p>\n<p>El <b>jefe de Gobierno<\/b> de la Ciudad de Buenos Aires, <b>Jorge Macri<\/b>, visit\u00f3 el pasado martes los <a href=\"https:\/\/www.lanacion.com.ar\/politica\/jorge-macri-hablo-sobre-la-posibilidad-de-una-alianza-electoral-con-la-libertad-avanza-en-2027-nid27042026\/\" rel=\"\" title=\"https:\/\/www.lanacion.com.ar\/politica\/jorge-macri-hablo-sobre-la-posibilidad-de-una-alianza-electoral-con-la-libertad-avanza-en-2027-nid27042026\/\">trabajos de remodelaci\u00f3n del Hospital Fern\u00e1ndez<\/a> y asegur\u00f3, mediante un video publicado en la red social <i>X<\/i>, que se trata de una de las m\u00e1s de <b>30<\/b> <b>obras<\/b> financiadas con \u201c<b>lo que se cobra por la atenci\u00f3n a extranjeros<\/b> en los hospitales\u201d.<\/p>\n<p><a href=\"https:\/\/www.lanacion.com.ar\/sociedad\/no-solo-en-hospitales-jorge-macri-firmo-un-decreto-para-que-los-portenos-tengan-prioridad-en-los-nid10042026\/\" rel=\"\" title=\"https:\/\/www.lanacion.com.ar\/sociedad\/no-solo-en-hospitales-jorge-macri-firmo-un-decreto-para-que-los-portenos-tengan-prioridad-en-los-nid10042026\/\">La administraci\u00f3n porte\u00f1a<\/a> detall\u00f3 que los ingresos por servicios a personas sin residencia local, sumados a lo que se recupera de obras sociales y prepagas, se destinan a un plan de infraestructura que, durante el primer cuatrimestre del a\u00f1o, <b>super\u00f3 los $42.000 millones y permiti\u00f3 financiar 151 obras en diferentes centros<\/b> de salud.<\/p>\n<p>El jefe de Gabinete, <b>Manuel Adorni<\/b>, aprovech\u00f3 el tramo final de <a href=\"https:\/\/www.lanacion.com.ar\/politica\/manuel-adorni-en-el-congreso-en-vivo-la-exposicion-en-diputados-minuto-a-minuto-nid29042026\/\" rel=\"\" title=\"https:\/\/www.lanacion.com.ar\/politica\/manuel-adorni-en-el-congreso-en-vivo-la-exposicion-en-diputados-minuto-a-minuto-nid29042026\/\">su informe de gesti\u00f3n en la C\u00e1mara de Diputados<\/a> para responder a las denuncias sobre su patrimonio y sus viajes, y asegur\u00f3: <b>\u201cNo comet\u00ed ning\u00fan delito y lo voy a probar en la Justicia\u201d<\/b>.<\/p>\n<p>Sin dar detalles, el funcionario investigado por sus viajes y sus bienes, asegur\u00f3 que <b>\u201cnunca ocult\u00f3 su patrimonio\u201d<\/b>.<\/p>\n<p>En un discurso, Adorni sostuvo que la causa por el viaje oficial a Miami y Nueva York \u2212en el que fue cuestionada la participaci\u00f3n de su esposa\u2212 fue archivada por la fiscal y el juez intervinientes, quienes concluyeron que no hubo gastos para el Estado ni incumplimientos normativos.<\/p>\n<p>El presidente del Foro de Periodismo Argentino (Fopea),<b> Fernando Stanich<\/b>, llam\u00f3 este mi\u00e9rcoles la atenci\u00f3n sobre el<b> comportamiento del Gobierno con la prensa<\/b> y rechaz\u00f3 el <b>cierre de la sala de periodistas de la Casa Rosada<\/b>. El directivo advirti\u00f3 que \u201chay que encender las <b>luces de alerta <\/b>porque se est\u00e1n empezando a <b>pasar l\u00edmites<\/b> que no se deber\u00edan pasar\u201d.<\/p>\n<p>Stanich convers\u00f3 con <b>LA NACION<\/b> sobre los principales desaf\u00edos que enfrenta la libertad de prensa en la Argentina y los condicionamientos que suponen la econom\u00eda y la intervenci\u00f3n judicial en las provincias. En ese marco, advirti\u00f3 sobre los <b>riesgos a la autocensura <\/b>detr\u00e1s de los agravios e insultos contra periodistas.<\/p>\n<p>El <a href=\"https:\/\/www.lanacion.com.ar\/politica\/javier-milei-ataco-otra-vez-a-los-periodistas-corruptos-son-ustedes-nid29042026\/\" rel=\"\" title=\"https:\/\/www.lanacion.com.ar\/politica\/javier-milei-ataco-otra-vez-a-los-periodistas-corruptos-son-ustedes-nid29042026\/\">discurso estigmatizante<\/a> es solo una forma en la que se manifiestan los ataques a la libertad de expresi\u00f3n, pero no la \u00fanica. En 2025, Fopea registr\u00f3 un total de <b>278 casos de ataques a la libertad de expresi\u00f3n<\/b> -cifra r\u00e9cord-, entre insultos, agresiones f\u00edsicas y litigios judiciales que desaf\u00edan la pr\u00e1ctica period\u00edstica a escala nacional y tambi\u00e9n en provincias y municipios.<\/p>\n<p><img loading=\"lazy\" decoding=\"async\" src=\"https:\/\/resizer.glanacion.com\/resizer\/v2\/LA57KUHB3VEQBBUUFXWXWXI33M.JPEG?auth=21ad54a35fc07c83bbc7e64be619bb3ce3d633bfcb80e9d065ab5941167232e2&amp;smart=true&amp;width=2000&amp;height=1332\" alt=\"Reforma de la ley de salud mental: los senadores reclamaron un diagn\u00f3stico en cifras de la situaci\u00f3n actual.\" height=\"1332\" width=\"2000\" \/><\/p>\n<p>La <b>reforma de la<\/b> <b>ley de salud mental <\/b>tuvo hoy la primera jornada en el <b>Senado<\/b>, que es la c\u00e1mara por la que ingres\u00f3 hace una semana el proyecto del Poder Ejecutivo para modificar m\u00e1s de 20 art\u00edculos. En las cuatro horas que dur\u00f3 la reuni\u00f3n informativa, los representantes provinciales se expresaron a favor o en contra de la propuesta oficial y reclamaron un <b>diagn\u00f3stico en cifras <\/b>de la situaci\u00f3n de la salud mental y los recursos sanitarios para afrontarlo.<\/p>\n<p>Los primeros convocados al encuentro en el Sal\u00f3n Azul del Palacio Legislativo fueron funcionarios del Ministerio de Salud de la Naci\u00f3n para responder preguntas sobre el proyecto oficial. Lo hicieron durante <b>el plenario de la flamante Comisi\u00f3n de Salud <\/b>de la C\u00e1mara alta, que se conform\u00f3 poco antes de la reuni\u00f3n, <b>y la Comisi\u00f3n de Legislaci\u00f3n General<\/b>. La propuesta del Gobierno ya ten\u00eda giro a ambas la semana pasada.<\/p>\n<p>\u201cEste debate responde a una realidad que vemos todos los d\u00edas: familias que no encuentran respuestas en la ley actual. Queremos una normativa que acompa\u00f1e, que intervenga a tiempo y que no abandone\u201d, dijo, al abrir la reuni\u00f3n, la presidenta de la Comisi\u00f3n de Legislaci\u00f3n General, senadora <b>Nadia M\u00e1rquez<\/b> (Neuqu\u00e9n, La Libertad Avanza (LLA)). \u201cHoy, las familias no saben qu\u00e9 hacer. Lograr una internaci\u00f3n involuntaria es extremadamente complejo, tanto por los requisitos como por los costos. La demanda existe, lo que falta es una respuesta\u201d, expres\u00f3.<\/p>\n<p>Eduardo Costantini se define, ante todo, como desarrollador. Aunque sus primeros a\u00f1os los dedic\u00f3 por completo a las finanzas, <b>en un momento decidi\u00f3 que no quer\u00eda ser \u201cuna cuenta corriente\u201d y apost\u00f3 por la econom\u00eda real<\/b>. Esa decisi\u00f3n lo llev\u00f3 a construir Nordelta, Puertos y una serie de proyectos en Palermo, Catalinas y Uruguay. Pero cuando habl\u00f3 en ExpoEFI, el fundador de Consultatio y ONE618 dej\u00f3 de lado los metros cuadrados y se concentr\u00f3 en algo m\u00e1s dif\u00edcil de medir: <b>las condiciones que hacen posible \u2014o imposible\u2014 que un pa\u00eds como la Argentina funcione<\/b>.<\/p>\n<p>Su diagn\u00f3stico de partida es el de alguien que lleva d\u00e9cadas operando en un entorno de reglas variables. <b>\u201cTenemos que empezar de abajo como pa\u00eds\u201d<\/b>, dijo. Enumer\u00f3 los problemas con la precisi\u00f3n de quien los tiene memorizados: la mayor\u00eda de los ahorros de los argentinos est\u00e1n afuera del sistema, una fracci\u00f3n enorme de la econom\u00eda no paga impuestos, el tama\u00f1o del Estado es excesivo y la carga impositiva es alta.<\/p>\n<p><b>\u201cDesde cuando comenz\u00f3 Nordelta en 1999 a hoy, los impuestos han subido\u201d<\/b>, grafic\u00f3. A eso se suma un riesgo pa\u00eds estructuralmente elevado en comparaci\u00f3n con la inflaci\u00f3n internacional, que encarece cualquier proyecto, y <b>un nivel de corrupci\u00f3n que no es solo un problema \u00e9tico, sino un costo econ\u00f3mico real para todos los argentinos<\/b>.<\/p>\n<p><img loading=\"lazy\" decoding=\"async\" src=\"https:\/\/resizer.glanacion.com\/resizer\/v2\/XRA26425FFCDVNMIRZLE2UQH74.JPG?auth=31a46e30e1626d5fb337a1261c97c3680831a2e581939d2892a7059aa00a4213&amp;smart=true&amp;width=2000&amp;height=1334\" alt=\"Tras la pol\u00e9mica de los ca\u00f1os indios, un consorcio \u00edtalo-argentino le gan\u00f3 a Techint-Sacde la obra de gas m\u00e1s importante del pa\u00eds.\" height=\"1334\" width=\"2000\" \/><\/p>\n<p><b>La obra del gasoducto para exportar gas natural licuado (GNL) desde Vaca Muerta sigue generando sorpresas<\/b>. <a href=\"https:\/\/www.lanacion.com.ar\/economia\/inminente-definicion-en-la-construccion-de-una-de-las-obras-privadas-mas-importantes-de-la-argentina-nid26042026\/\" rel=\"\" title=\"https:\/\/www.lanacion.com.ar\/economia\/inminente-definicion-en-la-construccion-de-una-de-las-obras-privadas-mas-importantes-de-la-argentina-nid26042026\/\">Tal como adelant\u00f3 LA NACION,<\/a> el consorcio a cargo del megaproyecto adjudic\u00f3 la construcci\u00f3n del ducto a <b>V\u00edctor Contreras-Sicim<\/b> y a la neuquina Oilfield Production Services (OPS) la instalaci\u00f3n de una planta compresora.<\/p>\n<p><b>La definici\u00f3n deja afuera a Techint-Sacde<\/b>, el grupo que hab\u00eda sido se\u00f1alado como favorito y que en los \u00faltimos a\u00f1os construy\u00f3 las principales obras de infraestructura energ\u00e9tica del pa\u00eds.<\/p>\n<p>La adjudicaci\u00f3n la hizo San Mat\u00edas Pipeline, la empresa que conforman las mismas compa\u00f1\u00edas que son parte de Southern Energy (SESA): <b>Pan American Energy (PAE), YPF, Pampa Energ\u00eda, Harbour Energy y Golar LNG<\/b>. Antes, <a href=\"https:\/\/www.lanacion.com.ar\/economia\/techint-evalua-presentar-un-recurso-antidumping-contra-la-llegada-de-tubos-de-la-india-nid26012026\/\" rel=\"\" title=\"https:\/\/www.lanacion.com.ar\/economia\/techint-evalua-presentar-un-recurso-antidumping-contra-la-llegada-de-tubos-de-la-india-nid26012026\/\">SESA hab\u00eda comprado los ca\u00f1os a la empresa india Welspun<\/a>.<\/p>\n<p>Cualquier economista que pretenda aportar a la pol\u00edtica econ\u00f3mica pr\u00e1ctica tiene que alejarse de dos extremos: <b>prestarle atenci\u00f3n a lo que ocurri\u00f3 con la tasa de inflaci\u00f3n en el \u00faltimo par de minutos o buscar sugerencias concretas en obras escritas hace d\u00e9cadas o siglos.<\/b><\/p>\n<p>Porque la pol\u00edtica econ\u00f3mica pr\u00e1ctica no puede ignorar los primeros principios, <b>pero tambi\u00e9n requiere la permanente adecuaci\u00f3n a las restricciones y a las circunstancias<\/b>. Ejemplo de lo primero fueron los votos que el presidente Milei ten\u00eda en el Congreso Nacional, tanto antes como despu\u00e9s de la elecci\u00f3n de medio per\u00edodo; ejemplo de lo segundo es la guerra desatada entre Israel, Estados Unidos e Ir\u00e1n.<\/p>\n<p>Desde la perspectiva profesional que evita los extremos, un par de cuestiones lucen relevantes en la Argentina 2026. <b>La de los \u201canimal spirits\u201d y la de la \u201cenfermedad holandesa\u201d<\/b>.<\/p>\n<p>El <b>jefe de Gobierno<\/b> de la Ciudad de Buenos Aires, <b>Jorge Macri<\/b>, visit\u00f3 este martes los <a href=\"https:\/\/www.lanacion.com.ar\/politica\/jorge-macri-hablo-sobre-la-posibilidad-de-una-alianza-electoral-con-la-libertad-avanza-en-2027-nid27042026\/\" rel=\"\" title=\"https:\/\/www.lanacion.com.ar\/politica\/jorge-macri-hablo-sobre-la-posibilidad-de-una-alianza-electoral-con-la-libertad-avanza-en-2027-nid27042026\/\">trabajos de remodelaci\u00f3n del Hospital Fern\u00e1ndez<\/a> y asegur\u00f3, mediante un video publicado en la red social <i>X<\/i>, que es una de las m\u00e1s de <b>30<\/b> <b>obras<\/b> financiadas con \u201c<b>lo que se cobra por la atenci\u00f3n a extranjeros<\/b> en los hospitales\u201d.<\/p>\n<figure><video height=\"1280\" width=\"720\" poster=\"https:\/\/cdn.jwplayer.com\/v2\/media\/oLnk1qJ2\/poster.jpg?width=720\" preload=\"none\"><\/video><figcaption>El video posteado por el jefe de Gobierno este martes<\/figcaption><\/figure>\n<p>La administraci\u00f3n porte\u00f1a detall\u00f3 que los ingresos por servicios a personas sin residencia local, sumados a lo que se recupera de obras sociales y prepagas, se destinan a un plan de infraestructura que, durante el primer cuatrimestre del a\u00f1o, <b>super\u00f3 los $42.000 millones y permiti\u00f3 el financiamiento de 151 obras en diferentes centros<\/b> de salud.<\/p>\n<p>La consultora brasile\u00f1a Atlas-Intel relev\u00f3, en su encuesta m\u00e1s reciente, el nivel de imagen de 15 <a href=\"https:\/\/www.lanacion.com.ar\/politica\/el-show-de-milei-en-diputados-pulgares-en-alto-gestos-provocadores-y-la-frase-final-con-la-que-nid29042026\/\" rel=\"\" title=\"https:\/\/www.lanacion.com.ar\/politica\/el-show-de-milei-en-diputados-pulgares-en-alto-gestos-provocadores-y-la-frase-final-con-la-que-nid29042026\/\">dirigentes pol\u00edticos<\/a> argentinos y casi todos cosechan mayores n\u00fameros de consideraci\u00f3n negativa que positiva. La \u00fanica excepci\u00f3n fue la diputada nacional <b>Myriam Bregman <\/b>(Frente de Izquierda-Unidad), que consigue un mejor nivel de imagen positiva que negativa.<\/p>\n<p><img loading=\"lazy\" decoding=\"async\" src=\"https:\/\/resizer.glanacion.com\/resizer\/v2\/VTWNX2U4TNCSVFSPMVZ7CE4YMY.jpg?auth=84cbeb2427a77264874c596ad64ad83128f50f8df8a841e4bf144569bcfdd12f&amp;smart=true&amp;width=1152&amp;height=864\" alt=\"El gr\u00e1fico de Atlas-Intel que muestra el liderazgo de Bregman en la medici\u00f3n de imagen de dirigentes pol\u00edticos\" height=\"864\" width=\"1152\" \/><\/p>\n<p>En el estudio de Atlas-Intel, Bregman alcanza 47 puntos de imagen positiva y 46 de negativa. Consigue un punto de diferencial positivo y es la \u00fanica persona relevada por la consultora que obtiene ese desempe\u00f1o. Los otros 14 dirigentes de la lista tienen un diferencial negativo en la medici\u00f3n de imagen.<\/p>\n<p>La diputada <b>Marcela Pagano<\/b> se present\u00f3 este mi\u00e9rcoles en el juzgado de <b>Ariel Lijo<\/b> para <b>ampliar la denuncia <\/b>contra el jefe de Gabinete, <b>Manuel Adorni<\/b>, en la causa que naci\u00f3 luego de que se hiciera p\u00fablico el viaje del funcionario a Punta del Este, en avi\u00f3n privado, durante los feriados de carnaval.<\/p>\n<p><img loading=\"lazy\" decoding=\"async\" src=\"https:\/\/resizer.glanacion.com\/resizer\/v2\/6XRIZ6CWG5BPBJTNHJBM6GRPQM.jpg?auth=d2ae160316ca9dba1971b83008ca61616dafd4d93f755d14d4285ac66974d161&amp;smart=true&amp;width=2000&amp;height=1333\" alt=\"El periodista Marcelo Grandio\" height=\"1333\" width=\"2000\" \/><\/p>\n<p>Pagano \u2212que se ausent\u00f3 a la exposici\u00f3n del jefe de Gabinete en el Congreso\u2212 declar\u00f3 como testigo y aport\u00f3 nueva informaci\u00f3n sobre el periodista <b>Marcelo Grandio<\/b>, el amigo de Adorni que, seg\u00fan la informaci\u00f3n recabada en la causa, pag\u00f3 aquellos vuelos privados a Uruguay y <a href=\"https:\/\/www.lanacion.com.ar\/politica\/los-contratos-con-la-tv-publica-de-la-productora-del-amigo-de-manuel-adorni-con-el-que-viajo-a-punta-nid12032026\/\" rel=\"\" title=\"https:\/\/www.lanacion.com.ar\/politica\/los-contratos-con-la-tv-publica-de-la-productora-del-amigo-de-manuel-adorni-con-el-que-viajo-a-punta-nid12032026\/\">trab\u00f3 contratos con el Estado a trav\u00e9s de su productora.<\/a><\/p>\n<p>Tras su <a href=\"https:\/\/www.lanacion.com.ar\/politica\/manuel-adorni-expone-en-diputados-dijo-que-el-gobierno-solo-se-debe-a-la-gente-comun-y-elude-nid29042026\/\" rel=\"\" title=\"https:\/\/www.lanacion.com.ar\/politica\/manuel-adorni-expone-en-diputados-dijo-que-el-gobierno-solo-se-debe-a-la-gente-comun-y-elude-nid29042026\/\">exposici\u00f3n inicial<\/a>, el jefe de Gabinete <b>Manuel Adorni <\/b>enfrent\u00f3 las preguntas que, con distinto nivel de voltaje, ten\u00edan preparadas las distintas bancadas de la oposici\u00f3n. Fiel al libreto prefijado, <b>repiti\u00f3 como un mantra<\/b> que las acusaciones sobre su presunto incremento patrimonial son materia de investigaci\u00f3n de la Justicia, pero eso no evit\u00f3 que los opositores m\u00e1s cr\u00edticos<b> insistieran en meter el dedo en la llaga<\/b>.<\/p>\n<p>\u201cEl jefe de Gabinete deber\u00eda haber renunciado. Nunca antes tuvo que venir un presidente a bancar un jefe de Gabinete de denuncias de corrupci\u00f3n -enfatiz\u00f3 <b>Germ\u00e1n Mart\u00ednez<\/b>, jefe de bloque de Uni\u00f3n por la Patria-. Su figura qued\u00f3 cuestionada. Hoy no tiene la confianza ni del Congreso, ni de la sociedad, ni de su gabinete. Sus ministros dicen que usted es un lastre, una mochila de plomo, un collar de sand\u00edas. Y para la sociedad su palabra vale cero\u201d.<\/p>\n<p>El jefe de Gabinete, <b>Manuel Adorni<\/b>, aprovech\u00f3 el tramo final de <a href=\"https:\/\/www.lanacion.com.ar\/politica\/manuel-adorni-en-el-congreso-en-vivo-la-exposicion-en-diputados-minuto-a-minuto-nid29042026\/\" rel=\"\" title=\"https:\/\/www.lanacion.com.ar\/politica\/manuel-adorni-en-el-congreso-en-vivo-la-exposicion-en-diputados-minuto-a-minuto-nid29042026\/\">su informe de gesti\u00f3n en la C\u00e1mara de Diputados<\/a> para responder a las denuncias sobre su patrimonio y sus viajes, y asegur\u00f3: <b>\u201cNo comet\u00ed ning\u00fan delito y lo voy a probar en la Justicia\u201d<\/b>.<\/p>\n<p>Sin dar detalles, el funcionario investigado por sus viajes y sus bienes, asegur\u00f3 que <b>\u201cnunca ocult\u00f3 su patrimonio\u201d<\/b>.<\/p>\n<p><img loading=\"lazy\" decoding=\"async\" src=\"https:\/\/resizer.glanacion.com\/resizer\/v2\/DR4PJ7FBVVHPXBEKZ5N6GGKUXM.jpg?auth=5b6b05841c42f5919d63fc13a147a9864b620af51d966eff9bf304e31808a2a9&amp;smart=true&amp;width=2000&amp;height=1333\" alt=\"Manuel Adorni durante la presentaci\u00f3n del informe de gesti\u00f3n en el Congreso de la Naci\u00f3n\" height=\"1333\" width=\"2000\" \/><\/p>\n<p>En un discurso, Adorni sostuvo que la causa por el viaje oficial a Miami y Nueva York \u2212en el que fue cuestionada la participaci\u00f3n de su esposa\u2212 fue archivada por la fiscal y el juez intervinientes, quienes concluyeron que no hubo gastos para el Estado ni incumplimientos normativos.<\/p>\n<p>La <b>esencia del liberalismo<\/b> es la sacralizaci\u00f3n de la autonom\u00eda personal. Ese respeto no es irrestricto porque los individuos deben ceder parte de su libertad con el prop\u00f3sito de construir una organizaci\u00f3n que gestione la vida en com\u00fan. Esa organizaci\u00f3n se llama <b>Estado<\/b>. Para evitar que esa entidad se vuelva, avasallante, contra quienes le otorgan esa capacidad, se establecen dos instituciones que, para cumplir su misi\u00f3n, deben ser independientes. <b>La Justicia y la prensa<\/b>.<\/p>\n<p><img loading=\"lazy\" decoding=\"async\" src=\"https:\/\/resizer.glanacion.com\/resizer\/v2\/4IMBNE6CCBAPFA5MNSPLPWNQOE.jpg?auth=d3f005acfcb3f44b718bfeee806f456fe73774988c90779ec17f750946a90ae0&amp;smart=true&amp;width=2000&amp;height=1333\" alt=\"Santiago Caputo en la presentaci\u00f3n del informe de gesti\u00f3n de Manuel Adorni\" height=\"1333\" width=\"2000\" \/><\/p>\n<p>Esta es la raz\u00f3n por la cual todo intento de concentraci\u00f3n de poder en las manos de un caudillo est\u00e1 obligado a, tarde o temprano, entrar en conflicto con el <b>Poder Judicial<\/b> y con el <b>periodismo<\/b>. Esa pulsi\u00f3n por romper los l\u00edmites est\u00e1 en la esencia del populismo. Si se trata, en lo econ\u00f3mico, de un populismo estatista o de un populismo privatista, es anecd\u00f3tico. Todas las variantes convergen en la misma tentaci\u00f3n autoritaria.<\/p>\n<p>El presidente <b>Javier Milei<\/b> destac\u00f3 este mi\u00e9rcoles lo que consider\u00f3 logros de su gesti\u00f3n, <b>reivindic\u00f3 el rumbo econ\u00f3mico<\/b> y sostuvo que el Gobierno elimina cerca de \u201c17 regulaciones por d\u00eda\u201d. Fue la tercera vez en la semana en la que expuso y lo hizo ante un auditorio repleto, integrado por <b>economistas y empresarios<\/b>, que al minuto de empezar la charla le ofreci\u00f3 un primer aplauso.<\/p>\n<p><b>\u201cTodav\u00eda me acuerdo de mi otra vida\u201d<\/b>, dijo en referencia a su formaci\u00f3n de economista, como la gran mayor\u00eda de los presentes este mi\u00e9rcoles en ExpoEFI. En el comienzo, Milei hizo referencia a las dos charlas anteriores de esta semana. Una el lunes, en la cena de la Fundaci\u00f3n Libertad, y otra ayer, en el Palacio Libertad.<\/p>\n<p>Ten\u00eda poco o nada que ganar, pero mucho que perder. Llegaba en un momento muy complicado. El frente judicial se agrava, con nuevos detalles sobre los gastos y las compras de <a href=\"https:\/\/www.lanacion.com.ar\/politica\/la-esposa-de-adorni-compro-en-2024-la-casa-en-el-country-de-exaltacion-de-la-cruz-senalada-por-la-nid19032026\/\" rel=\"\" title=\"https:\/\/www.lanacion.com.ar\/politica\/la-esposa-de-adorni-compro-en-2024-la-casa-en-el-country-de-exaltacion-de-la-cruz-senalada-por-la-nid19032026\/\">propiedades<\/a> que realiz\u00f3 desde que es funcionario, y el esc\u00e1ndalo que protagoniza hace casi dos meses pulveriz\u00f3 su imagen ante la opini\u00f3n p\u00fablica, seg\u00fan la mayor\u00eda de los encuestadores. Sin embargo, la oposici\u00f3n no pudo rematarlo.<\/p>\n<p><img loading=\"lazy\" decoding=\"async\" src=\"https:\/\/resizer.glanacion.com\/resizer\/v2\/INXN4BGHUVAKFJ3KMGT25KGFPI.jpg?auth=7cc564abd5acd6dfd73053cf6f868a3d99ee62eb0d324a9233808287d1c87f50&amp;smart=true&amp;width=1616&amp;height=1141\" alt=\"Manuel Adorni tras finalizar su informe de gesti\u00f3n este mi\u00e9rcoles en el Congreso\" height=\"1141\" width=\"1616\" \/><\/p>\n<p>El cruce entre el jefe de Gabinete, <b>Manuel Adorni<\/b>, y los bloques opositores de la C\u00e1mara de Diputados durante la sesi\u00f3n especial convocada para el informe de gesti\u00f3n no termin\u00f3 de desequilibrar la cancha. Ni el ministro coordinador de <b>Javier Milei<\/b> logr\u00f3 <a href=\"https:\/\/www.lanacion.com.ar\/politica\/que-dijo-adorni-en-el-congreso-cronologia-de-una-sesion-caliente-en-la-camara-de-diputados-nid29042026\/\" rel=\"\" title=\"https:\/\/www.lanacion.com.ar\/politica\/que-dijo-adorni-en-el-congreso-cronologia-de-una-sesion-caliente-en-la-camara-de-diputados-nid29042026\/\">despejar las dudas<\/a> sobre los bienes que integran su patrimonio, ni los opositores pudieron acorralar a un funcionario de primera l\u00ednea del Ejecutivo que llegaba al borde del precipicio.<\/p>\n<p>Un pa\u00eds <b>enemistado y fracturado<\/b>.<\/p>\n<p><b>En esas cinco palabras cabe la conclusi\u00f3n sobre la Argentina<\/b> a la que podr\u00eda haber llegado un observador extranjero que haya le\u00eddo, en los \u00faltimos d\u00edas, las noticias locales. Habr\u00eda visto, por ejemplo, que en la misa que se celebr\u00f3 en Luj\u00e1n por el primer aniversario de la muerte de Francisco, el oficialismo y la oposici\u00f3n evitaron cruzarse hasta la mirada. Habr\u00eda tomado nota, adem\u00e1s, de que la vicepresidenta de la Naci\u00f3n desisti\u00f3 de ir a esa ceremonia para no sentarse al lado de funcionarios de su propio gobierno. Despu\u00e9s habr\u00eda visto que el titular del PJ bonaerense falt\u00f3 al acto en el que deb\u00eda traspasarle ese cargo partidario al gobernador de la provincia para eludir una foto con \u00e9l.<\/p>\n<p><img loading=\"lazy\" decoding=\"async\" src=\"https:\/\/resizer.glanacion.com\/resizer\/v2\/OI3LJ5H425EJZPUB4UHVFWNTHY.JPG?auth=e8a3b86d39080514a41a577df201d2aaef6a12faaab60e3622bea06e46ff94a9&amp;smart=true&amp;width=2897&amp;height=1931\" alt=\"Javier Milei durante su discurso de cierre en la ExpoEFI\" height=\"1931\" width=\"2897\" \/><\/p>\n<p>En v\u00edsperas de su anunciada movilizaci\u00f3n a Plaza de Mayo contra la <b>reforma laboral<\/b>, la <b>Confederaci\u00f3n General del Trabajo (CGT) contraatac\u00f3<\/b> en la Justicia para buscar anular la vigencia de esa norma.<\/p>\n<p>La central obrera plante\u00f3 una bater\u00eda de recursos para evitar que la jueza contencioso administrativo federal <b>Macarena Marra Gim\u00e9nez<\/b> resuelva si es constitucional o no la norma. La CGT <b>anunci\u00f3 que acudir\u00e1 a la Corte Suprema para que la causa quede en la Justicia del Trabajo.<\/b><\/p>\n<p>La batalla judicial por la ley de reforma laboral que impuls\u00f3 el Gobierno se transform\u00f3 en un laberinto procesal.<\/p>\n<p><a href=\"https:\/\/www.lanacion.com.ar\/politica\/la-cgt-se-reune-y-definiria-una-marcha-a-plaza-de-mayo-por-el-dia-del-trabajador-nid09042026\/\" rel=\"\" title=\"https:\/\/www.lanacion.com.ar\/politica\/la-cgt-se-reune-y-definiria-una-marcha-a-plaza-de-mayo-por-el-dia-del-trabajador-nid09042026\/\">Este jueves 30 de abril la <b>Confederaci\u00f3n General del Trabajo (CGT) <\/b>marchar\u00e1 a Plaza de Mayo<\/a> en conmemoraci\u00f3n del <b>D\u00eda del Trabajador<\/b>. La convocatoria es a partir de las 15 y la consigna es \u201ctrae tu bandera argentina\u201d.<\/p>\n<p><img loading=\"lazy\" decoding=\"async\" src=\"https:\/\/resizer.glanacion.com\/resizer\/v2\/E22KM5ZDYNHNTDRPDXDJSAYVME.jpg?auth=a6ceca032a9dbcdb31c0f9d76c1f69fcab597f954b671f29edb4429963819822&amp;smart=true&amp;width=2723&amp;height=1824\" alt=\"La CGT convoc\u00f3 a una nueva marcha en plaza de Mayo\" height=\"1824\" width=\"2723\" \/><\/p>\n<p>\u201cSomos quienes, con nuestra fuerza de trabajo, ponemos en marcha en cada rinc\u00f3n del pa\u00eds el motor de la Argentina. Quienes, d\u00eda tras d\u00eda, sostenemos en alto nuestra bandera para construir una Patria justa, libre y soberana. <b>Marchamos porque, como rezaba Francisco, el trabajo es con derechos o es esclavo.<\/b> Porque el salario es dignidad y no variable de ajuste\u201d, se\u00f1al\u00f3 la central obrera a trav\u00e9s de <a href=\"https:\/\/www.instagram.com\/p\/DXkM4Dij5-f\/\" rel=\"\" title=\"https:\/\/www.instagram.com\/p\/DXkM4Dij5-f\/\">sus redes sociales<\/a>.<\/p>\n<p><b>Adorni disfrut\u00f3 del placer de ser otra vez Adorni<\/b>. Entr\u00f3 al Congreso con el tono altanero que es su marca registrada, enfrent\u00f3 sin timidez al kirchnerismo y <b>se vanaglori\u00f3 de la transformaci\u00f3n econ\u00f3mica que promueve el gobierno de Javier Milei<\/b>. Pero la sombra de las sospechas sobre su patrimonio condicion\u00f3 de principio a fin el informe del jefe de Gabinete ante la C\u00e1mara de Diputados.<\/p>\n<p><a href=\"https:\/\/www.lanacion.com.ar\/politica\/que-dijo-adorni-en-el-congreso-cronologia-de-una-sesion-caliente-en-la-camara-de-diputados-nid29042026\/\">UNA POR UNA TODAS LAS DEFINICIONES DE ADORNI AC\u00c1.<\/a><\/p>\n<p>Antes que aclarar, prefiri\u00f3 victimizarse: dijo que no cometi\u00f3 delito alguno, que sufre una operaci\u00f3n pol\u00edtica, que lo va a probar en la Justicia y que no piensa renunciar. <b>Eludi\u00f3 explicar c\u00f3mo hizo para comprar dos nuevas propiedades<\/b> y pagar en efectivo viajes de lujo al exterior desde que es funcionario p\u00fablico.<\/p>\n<p>\u200b\u201cSomos un pa\u00eds demasiado grande para que el Presidente degrade la investidura d\u00eda tras d\u00eda con estos episodios\u201d, escribi\u00f3 Carlos Bianco en su cuenta de X\u00a0\u00a0LA NACION<\/p>","protected":false},"excerpt":{"rendered":"<p>La Justicia orden\u00f3 la realizaci\u00f3n de peritajes en los audios atribuidos al extitular de la&#8230;<\/p>\n","protected":false},"author":1,"featured_media":23537,"comment_status":"closed","ping_status":"closed","sticky":false,"template":"","format":"standard","meta":{"footnotes":""},"categories":[2],"tags":[],"class_list":["post-23536","post","type-post","status-publish","format-standard","has-post-thumbnail","hentry","category-nacionales"],"aioseo_notices":[],"_links":{"self":[{"href":"https:\/\/infinitoradio.com\/index.php?rest_route=\/wp\/v2\/posts\/23536","targetHints":{"allow":["GET"]}}],"collection":[{"href":"https:\/\/infinitoradio.com\/index.php?rest_route=\/wp\/v2\/posts"}],"about":[{"href":"https:\/\/infinitoradio.com\/index.php?rest_route=\/wp\/v2\/types\/post"}],"author":[{"embeddable":true,"href":"https:\/\/infinitoradio.com\/index.php?rest_route=\/wp\/v2\/users\/1"}],"replies":[{"embeddable":true,"href":"https:\/\/infinitoradio.com\/index.php?rest_route=%2Fwp%2Fv2%2Fcomments&post=23536"}],"version-history":[{"count":0,"href":"https:\/\/infinitoradio.com\/index.php?rest_route=\/wp\/v2\/posts\/23536\/revisions"}],"wp:featuredmedia":[{"embeddable":true,"href":"https:\/\/infinitoradio.com\/index.php?rest_route=\/wp\/v2\/media\/23537"}],"wp:attachment":[{"href":"https:\/\/infinitoradio.com\/index.php?rest_route=%2Fwp%2Fv2%2Fmedia&parent=23536"}],"wp:term":[{"taxonomy":"category","embeddable":true,"href":"https:\/\/infinitoradio.com\/index.php?rest_route=%2Fwp%2Fv2%2Fcategories&post=23536"},{"taxonomy":"post_tag","embeddable":true,"href":"https:\/\/infinitoradio.com\/index.php?rest_route=%2Fwp%2Fv2%2Ftags&post=23536"}],"curies":[{"name":"wp","href":"https:\/\/api.w.org\/{rel}","templated":true}]}}