{"id":23530,"date":"2026-04-30T23:33:51","date_gmt":"2026-05-01T02:33:51","guid":{"rendered":"https:\/\/infinitoradio.com\/?p=23530"},"modified":"2026-04-30T23:33:51","modified_gmt":"2026-05-01T02:33:51","slug":"el-frio-y-los-perros-la-ropita-sirve-pero-hay-que-sacarla-y-cepillar-para-evitar-problemas-en-el-pelo","status":"publish","type":"post","link":"https:\/\/infinitoradio.com\/?p=23530","title":{"rendered":"El fr\u00edo y los perros: \u201cLa ropita sirve, pero hay que sacarla y cepillar para evitar problemas en el pelo\u201d\u200b"},"content":{"rendered":"<div><img decoding=\"async\" src=\"https:\/\/www.canalsiete.com.ar\/wp-content\/uploads\/2026\/04\/perros-con-ropa.jpg\" class=\"ff-og-image-inserted\" \/><\/div>\n<p>Con la llegada de las bajas temperaturas, crece la preocupaci\u00f3n de los due\u00f1os por el bienestar de sus mascotas. En ese contexto, el m\u00e9dico veterinario Mat\u00edas Jim\u00e9nez brind\u00f3 una serie de recomendaciones clave para cuidar a perros y gatos durante el invierno, haciendo foco en la actividad f\u00edsica, la higiene y el uso adecuado de abrigo.<\/p>\n<p>Jim\u00e9nez remarc\u00f3 que el ejercicio no debe interrumpirse con el fr\u00edo. \u201cLa rutina general de la mascota es todo el tiempo actividad. Todo el a\u00f1o\u201d, explic\u00f3, y detall\u00f3 que, a diferencia del verano, los horarios deben adaptarse para evitar las temperaturas m\u00e1s bajas. \u201cLo ideal ser\u00eda que nuestro perrito salga a pasear entre las 11 y las 5 de la tarde\u201d, se\u00f1al\u00f3, como una forma de proteger tanto a los animales como a sus due\u00f1os del fr\u00edo intenso.<\/p>\n<p>El especialista tambi\u00e9n advirti\u00f3 que no todas las mascotas toleran igual las bajas temperaturas. Aquellos animales que viven dentro del hogar requieren mayores cuidados. \u201cHay muchos perros que son indoor, es decir, que viven dentro de las casas, y esos son los que hay que tener ciertos cuidados porque pueden enfermarse m\u00e1s\u201d, indic\u00f3.<\/p>\n<p>En cuanto a la higiene, recomend\u00f3 espaciar los ba\u00f1os durante el invierno, aunque sin eliminarlos. \u201cSe puede ba\u00f1ar el perro, pero se tienden a espaciar un poco m\u00e1s las fechas\u201d, explic\u00f3, al tiempo que subray\u00f3 la importancia del cepillado. Mantener el pelo limpio, aireado y sin nudos es fundamental para que cumpla su funci\u00f3n de termorregulaci\u00f3n.<\/p>\n<p>Sobre el uso de abrigo, Jim\u00e9nez consider\u00f3 que puede ser \u00fatil, especialmente en animales m\u00e1s sensibles al fr\u00edo, aunque con ciertas precauciones. \u201cLa ropita est\u00e1 genial, pero es para salir, hacer el paseo, volver y cepillar\u201d, sostuvo. En ese sentido, advirti\u00f3 que el uso prolongado sin higiene puede generar problemas en el pelaje y la piel.<\/p>\n<p>Otro de los aspectos a tener en cuenta es el temblor, una se\u00f1al frecuente en los animales durante el invierno. \u201cEs un mecanismo de termorregulaci\u00f3n\u201d, explic\u00f3, aunque tambi\u00e9n aclar\u00f3 que puede estar asociado a otras causas, como el miedo.<\/p>\n<p>Las recomendaciones apuntan a adaptar los h\u00e1bitos sin descuidar la salud de las mascotas en una \u00e9poca del a\u00f1o donde el fr\u00edo puede afectar especialmente a los animales m\u00e1s vulnerables.<\/p>\n<p><strong><a href=\"https:\/\/blockads.fivefilters.org\/\">Adblock test<\/a><\/strong> <a href=\"https:\/\/blockads.fivefilters.org\/acceptable.html\">(Why?)<\/a><\/p>\n<p>\u00a0\u00a0<\/p>","protected":false},"excerpt":{"rendered":"<p>Con la llegada de las bajas temperaturas, crece la preocupaci\u00f3n de los due\u00f1os por el&#8230;<\/p>\n","protected":false},"author":1,"featured_media":23531,"comment_status":"closed","ping_status":"closed","sticky":false,"template":"","format":"standard","meta":{"footnotes":""},"categories":[6],"tags":[],"class_list":["post-23530","post","type-post","status-publish","format-standard","has-post-thumbnail","hentry","category-regionales"],"aioseo_notices":[],"_links":{"self":[{"href":"https:\/\/infinitoradio.com\/index.php?rest_route=\/wp\/v2\/posts\/23530","targetHints":{"allow":["GET"]}}],"collection":[{"href":"https:\/\/infinitoradio.com\/index.php?rest_route=\/wp\/v2\/posts"}],"about":[{"href":"https:\/\/infinitoradio.com\/index.php?rest_route=\/wp\/v2\/types\/post"}],"author":[{"embeddable":true,"href":"https:\/\/infinitoradio.com\/index.php?rest_route=\/wp\/v2\/users\/1"}],"replies":[{"embeddable":true,"href":"https:\/\/infinitoradio.com\/index.php?rest_route=%2Fwp%2Fv2%2Fcomments&post=23530"}],"version-history":[{"count":0,"href":"https:\/\/infinitoradio.com\/index.php?rest_route=\/wp\/v2\/posts\/23530\/revisions"}],"wp:featuredmedia":[{"embeddable":true,"href":"https:\/\/infinitoradio.com\/index.php?rest_route=\/wp\/v2\/media\/23531"}],"wp:attachment":[{"href":"https:\/\/infinitoradio.com\/index.php?rest_route=%2Fwp%2Fv2%2Fmedia&parent=23530"}],"wp:term":[{"taxonomy":"category","embeddable":true,"href":"https:\/\/infinitoradio.com\/index.php?rest_route=%2Fwp%2Fv2%2Fcategories&post=23530"},{"taxonomy":"post_tag","embeddable":true,"href":"https:\/\/infinitoradio.com\/index.php?rest_route=%2Fwp%2Fv2%2Ftags&post=23530"}],"curies":[{"name":"wp","href":"https:\/\/api.w.org\/{rel}","templated":true}]}}