{"id":23528,"date":"2026-04-30T23:33:51","date_gmt":"2026-05-01T02:33:51","guid":{"rendered":"https:\/\/infinitoradio.com\/?p=23528"},"modified":"2026-04-30T23:33:51","modified_gmt":"2026-05-01T02:33:51","slug":"susbielles-le-respondio-a-sturzenegger-el-servicio-meteorologico-nacional-es-imprescindible","status":"publish","type":"post","link":"https:\/\/infinitoradio.com\/?p=23528","title":{"rendered":"Susbielles le respondi\u00f3 a Sturzenegger: \u201cEl Servicio Meteorol\u00f3gico Nacional es imprescindible\u201d\u200b"},"content":{"rendered":"<div><img decoding=\"async\" src=\"https:\/\/www.canalsiete.com.ar\/wp-content\/uploads\/2025\/12\/image-5-4.jpg\" class=\"ff-og-image-inserted\" \/><\/div>\n<div class=\"elementor-widget-container\">\n<p>El intendente Federico Susbielles sali\u00f3 a respaldar p\u00fablicamente al Servicio Meteorol\u00f3gico Nacional (SMN) en medio de la pol\u00e9mica por los despidos en el organismo y cuestion\u00f3 las declaraciones del ministro Federico Sturzenegger, quien hab\u00eda vinculado la actuaci\u00f3n del ente con la cat\u00e1strofe clim\u00e1tica del 7 de marzo en la ciudad.<\/p>\n<p>A trav\u00e9s de un mensaje publicado en su cuenta de X, el jefe comunal fue contundente: \u201cEl Servicio Meteorol\u00f3gico Nacional es imprescindible\u201d, afirm\u00f3, al tiempo que rechaz\u00f3 las cr\u00edticas del funcionario nacional. Seg\u00fan Susbielles, \u201cocurri\u00f3 todo lo contrario\u201d a lo planteado desde Naci\u00f3n respecto al desempe\u00f1o del organismo durante el temporal.<\/p>\n<p>En ese sentido, el intendente destac\u00f3 el rol que tuvo el SMN en la prevenci\u00f3n y gesti\u00f3n de la emergencia. \u201cGracias a los informes del Servicio Meteorol\u00f3gico Nacional, a sus radares, a sus im\u00e1genes satelitales, a sus alertas tempranas y al trabajo articulado con Defensa Civil de la Provincia de Buenos Aires y a nuestro equipo, pudimos tomar medidas que salvaron cientos de vidas en nuestra ciudad\u201d, sostuvo.<\/p>\n<p>El cruce se da en un contexto de tensi\u00f3n tras la confirmaci\u00f3n de 140 despidos en el organismo, una medida que desde distintos sectores fue cuestionada por su impacto en \u00e1reas t\u00e9cnicas clave. En su mensaje, Susbielles remarc\u00f3 la importancia estrat\u00e9gica del SMN no solo en situaciones de emergencia, sino tambi\u00e9n en el desarrollo productivo. \u201cEs una herramienta fundamental para tomar buenas decisiones previo o durante las emergencias climatol\u00f3gicas y tambi\u00e9n para proteger y proyectar a nuestra econom\u00eda\u201d, se\u00f1al\u00f3.<\/p>\n<p>Adem\u00e1s, el intendente plante\u00f3 una postura m\u00e1s amplia respecto al rol del Estado en materia cient\u00edfica y tecnol\u00f3gica. \u201cEl futuro se construye con m\u00e1s inversi\u00f3n, con m\u00e1s eficiencia y protegiendo siempre a la ciencia, la tecnolog\u00eda y el saber argentino\u201d, expres\u00f3, y concluy\u00f3 con un respaldo expl\u00edcito: \u201cPor eso defiendo al Servicio Meteorol\u00f3gico Nacional y a sus trabajadores\u201d.<\/p>\n<p>El pronunciamiento del jefe comunal se suma a una serie de reacciones en defensa del organismo, en medio del debate por el ajuste en \u00e1reas sensibles vinculadas a la prevenci\u00f3n de riesgos y la gesti\u00f3n de emergencias.<\/p>\n<figure class=\"wp-block-embed is-type-rich is-provider-twitter wp-block-embed-twitter\">\n<div class=\"wp-block-embed__wrapper\">\n<blockquote class=\"twitter-tweet\" data-width=\"550\" data-dnt=\"true\">\n<p lang=\"es\" dir=\"ltr\">EL SERVICIO METEOROL\u00d3GICO NACIONAL ES IMPRESCINDIBLE<\/p>\n<p>El ministro Sturzenegger, para justificar 140 despidos del Servicio Meteorol\u00f3gico Nacional, dec\u00eda que la entidad hab\u00eda dejado desguarnecida a Bah\u00eda Blanca en la cat\u00e1strofe del 7 de marzo.<\/p>\n<p>Ocurri\u00f3 todo lo contrario.<\/p>\n<p>Gracias a\u2026 <a href=\"https:\/\/t.co\/MQnUmoWe5m\">pic.twitter.com\/MQnUmoWe5m<\/a><\/p>\n<p>\u2014 Federico Susbielles (@fsusbielles) <a href=\"https:\/\/twitter.com\/fsusbielles\/status\/2049876253281309048?ref_src=twsrc%5Etfw\">April 30, 2026<\/a><\/p><\/blockquote>\n<\/div>\n<\/figure><\/div>\n<p><strong><a href=\"https:\/\/blockads.fivefilters.org\/\">Adblock test<\/a><\/strong> <a href=\"https:\/\/blockads.fivefilters.org\/acceptable.html\">(Why?)<\/a><\/p>\n<p>\u00a0\u00a0<\/p>","protected":false},"excerpt":{"rendered":"<p>El intendente Federico Susbielles sali\u00f3 a respaldar p\u00fablicamente al Servicio Meteorol\u00f3gico Nacional (SMN) en medio&#8230;<\/p>\n","protected":false},"author":1,"featured_media":23529,"comment_status":"closed","ping_status":"closed","sticky":false,"template":"","format":"standard","meta":{"footnotes":""},"categories":[6],"tags":[],"class_list":["post-23528","post","type-post","status-publish","format-standard","has-post-thumbnail","hentry","category-regionales"],"aioseo_notices":[],"_links":{"self":[{"href":"https:\/\/infinitoradio.com\/index.php?rest_route=\/wp\/v2\/posts\/23528","targetHints":{"allow":["GET"]}}],"collection":[{"href":"https:\/\/infinitoradio.com\/index.php?rest_route=\/wp\/v2\/posts"}],"about":[{"href":"https:\/\/infinitoradio.com\/index.php?rest_route=\/wp\/v2\/types\/post"}],"author":[{"embeddable":true,"href":"https:\/\/infinitoradio.com\/index.php?rest_route=\/wp\/v2\/users\/1"}],"replies":[{"embeddable":true,"href":"https:\/\/infinitoradio.com\/index.php?rest_route=%2Fwp%2Fv2%2Fcomments&post=23528"}],"version-history":[{"count":0,"href":"https:\/\/infinitoradio.com\/index.php?rest_route=\/wp\/v2\/posts\/23528\/revisions"}],"wp:featuredmedia":[{"embeddable":true,"href":"https:\/\/infinitoradio.com\/index.php?rest_route=\/wp\/v2\/media\/23529"}],"wp:attachment":[{"href":"https:\/\/infinitoradio.com\/index.php?rest_route=%2Fwp%2Fv2%2Fmedia&parent=23528"}],"wp:term":[{"taxonomy":"category","embeddable":true,"href":"https:\/\/infinitoradio.com\/index.php?rest_route=%2Fwp%2Fv2%2Fcategories&post=23528"},{"taxonomy":"post_tag","embeddable":true,"href":"https:\/\/infinitoradio.com\/index.php?rest_route=%2Fwp%2Fv2%2Ftags&post=23528"}],"curies":[{"name":"wp","href":"https:\/\/api.w.org\/{rel}","templated":true}]}}