{"id":23516,"date":"2026-04-30T23:33:43","date_gmt":"2026-05-01T02:33:43","guid":{"rendered":"https:\/\/infinitoradio.com\/?p=23516"},"modified":"2026-04-30T23:33:43","modified_gmt":"2026-05-01T02:33:43","slug":"la-fuerte-definicion-de-la-fifa-sobre-la-participacion-de-iran-en-el-mundial-en-estados-unidos-y-la-posibilidad-de-que-italia-lo-reemplace","status":"publish","type":"post","link":"https:\/\/infinitoradio.com\/?p=23516","title":{"rendered":"La fuerte definici\u00f3n de la FIFA sobre la participaci\u00f3n de Ir\u00e1n en el Mundial en Estados Unidos y la posibilidad de que Italia lo reemplace"},"content":{"rendered":"<div><img decoding=\"async\" src=\"https:\/\/www.clarin.com\/img\/2026\/04\/30\/C9kbzJyB3_2000x1500__1.jpg\" class=\"ff-og-image-inserted\" \/><\/div>\n<div>\n<p>El presidente de la FIFA, <strong>Gianni Infantino<\/strong>, confirm\u00f3 este jueves que Ir\u00e1n disputar\u00e1 sus partidos del Mundial de 2026 en Estados Unidos como est\u00e1 previsto, en el inicio de su discurso de inauguraci\u00f3n del Congreso del organismo rector del f\u00fatbol mundial en Vancouver.<\/p>\n<\/div>\n<div>\n<p>La participaci\u00f3n de Ir\u00e1n en el torneo, organizado conjuntamente por Estados Unidos, M\u00e9xico y Canad\u00e1, est\u00e1 envuelta en incertidumbre desde el estallido de la <a href=\"https:\/\/www.clarin.com\/mundo\/guerra-estados-unidos-israel-iran-vivo-sigue-fuego-cruzado-fuerzas-israelies-hezbollah-trump-evalua-impulsar-nueva-coalicion-internacional_0_8JDPjFTrjG.html\" target=\"_blank\" title=\"guerra en Medio Oriente\">guerra en Medio Oriente<\/a>, desencadenada el 28 de febrero por los ataques estadounidenses e israel\u00edes contra Teher\u00e1n.<\/p>\n<\/div>\n<div>\n<p>Infantino, quien ya hab\u00eda sostenido en repetidas ocasiones que Ir\u00e1n estar\u00e1 en la m\u00e1xima cita del balompi\u00e9, reafirm\u00f3 esa postura al arrancar su intervenci\u00f3n ante los delegados en el 76\u00b0 Congreso de la FIFA, en Vancouver. All\u00ed, adem\u00e1s, comunic\u00f3 que se postular\u00e1 para un cuarto mandato como presidente de la entidad, en las elecciones que se celebrar\u00e1n el a\u00f1o pr\u00f3ximo.<\/p>\n<\/div>\n<div>\n<p>&#8220;Perm\u00edtanme comenzar por confirmar desde el principio que, por supuesto, Ir\u00e1n participar\u00e1 en la Copa del Mundo de la FIFA 2026&#8221;, dijo Infantino en la ciudad canadiense. <strong>&#8220;Y, por supuesto, Ir\u00e1n jugar\u00e1 en los Estados Unidos de Am\u00e9rica&#8221;.<\/strong><\/p>\n<\/div>\n<div>\n<p>\n Las autoridades iran\u00edes hab\u00edan barajado la idea de trasladar sus partidos de la fase de grupos desde Estados Unidos a M\u00e9xico, una propuesta que ya hab\u00eda sido descartada por Infantino. <\/p>\n<\/div>\n<div>\n<p>En un nuevo giro, la semana pasada se report\u00f3 que un enviado especial estadounidense hab\u00eda planteado la posibilidad de <a href=\"https:\/\/www.clarin.com\/deportes\/pedido-trump-insulto-papa-carambola-geopolitica-estados-unidos-quiere-italia-mundial_0_XITNLF4tFZ.html\" target=\"_blank\" title=\"que Italia ocupara la plaza de Ir\u00e1n\">que Italia ocupara la plaza<\/a><strong><\/strong><a href=\"https:\/\/www.clarin.com\/deportes\/pedido-trump-insulto-papa-carambola-geopolitica-estados-unidos-quiere-italia-mundial_0_XITNLF4tFZ.html\" target=\"_blank\" title=\"que Italia ocupara la plaza de Ir\u00e1n\">de Ir\u00e1n<\/a> en el Mundial.<\/p>\n<\/div>\n<div>\n<p>Posteriormente, el gobierno estadounidense se desvincul\u00f3 de esa propuesta y el secretario de Estado, Marco Rubio, afirm\u00f3 que los futbolistas iran\u00edes ser\u00edan bienvenidos. Las declaraciones de Infantino vienen a descartar ese plan B.<\/p>\n<\/div>\n<div>\n<p>Ir\u00e1n se clasific\u00f3 al Mundial como 1\u00b0 del grupo A de la Tercera Ronda de las Eliminatorias asi\u00e1ticas. Lo hizo con dos fechas de anticipaci\u00f3n, tras un empate 2 a 2 con Uzbekist\u00e1n, que termin\u00f3 segundo en la zona y tambi\u00e9n sac\u00f3 pasaje al torneo de Estados Unidos, M\u00e9xico y Canad\u00e1.<\/p>\n<\/div>\n<div>\n<p>Uno de los puntos de conflicto tras el estallido de la guerra era que el seleccionado iran\u00ed tiene previsto disputar en Estados Unidos los tres partidos del Grupo G en el Mundial. El primero ser\u00eda el 15 de junio, ante Nueva Zelanda, en el SoFi Stadium de Los Angeles; el segundo, contra B\u00e9lgica, en el mismo escenario el 21 de junio; y el tercero ser\u00e1 cinco d\u00edas m\u00e1s tarde en el Lumen Field de Seattle, contra Egipto.<\/p>\n<\/div>\n<div>\n<p>Canad\u00e1 -pa\u00eds anfitri\u00f3n del Congreso de la FIFA- <strong>neg\u00f3 el ingreso al presidente de la federaci\u00f3n iran\u00ed, Mehdi Taj<\/strong>, y a otros dos dirigentes que lo acompa\u00f1aban.<\/p>\n<\/div>\n<div>\n<p>Las autoridades canadienses aludieron al pasado de Taj como directivo de la Guardia Revolucionaria, los Pasdaran, considerada como una organizaci\u00f3n terrorista, para justificar la negativa al ingreso a Toronto del presidente de la federaci\u00f3n iran\u00ed.<\/p>\n<\/div>\n<div>\n<p>Si bien el rechazo ocurri\u00f3 el lunes, la noticia tuvo repercusi\u00f3n internacional reci\u00e9n este jueves, con la concreci\u00f3n del Congreso de la FIFA.<\/p>\n<\/div>\n<div>\n<p>Seg\u00fan la prensa del r\u00e9gimen de Teher\u00e1n, agentes fronterizos canadienses tuvieron un trato ofensivo hacia los directivos persas, aunque las autoridades de ese pa\u00eds se excusaron afirmando: &#8220;No podemos comentar casos puntuales porque le ley lo impide en funci\u00f3n de la privacidad de los involucrados&#8221;.<\/p>\n<\/div>\n<div>\n<p>&#8220;S\u00ed podemos confirmar que el gobierno ha sido claro y coherente y que los funcionarios de la Guardia Revolucionaria no son admitidos en Canad\u00e1 y no tienen lugar en este pa\u00eds&#8221;, agregaron las fuentes gubernamentales, mientras Infantino reiteraba ante los dirigentes de la FIFA: &#8220;Perm\u00edtanme comenzar confirmando que Ir\u00e1n participar\u00e1 del Mundial 2026 y jugar\u00e1 sus partidos en Estados Unidos&#8221;.<\/p>\n<\/div>\n<div>\n<div class=\"sc-e1444937-1 cndXWK videoText videoText\" aria-hidden=\"true\">\n<h2>Video<\/h2>\n<p>Donald Trump respald\u00f3 a Infantino sobre la participaci\u00f3n de Ir\u00e1n en el Mundial<\/p>\n<\/div>\n<\/div>\n<div>\n<p>Por su parte, <strong>Trump <\/strong>-muy cercano a Infantino en los \u00faltimos tiempos- respald\u00f3 sus afirmaciones al decir que est\u00e1 &#8220;de acuerdo&#8221; con que la selecci\u00f3n de Ir\u00e1n dispute sus partidos de la fase de grupos en suelo estadounidense como est\u00e1 previsto.<\/p>\n<\/div>\n<div>\n<p><strong>&#8220;Bien, si lo dijo Gianni por m\u00ed est\u00e1 bien&#8221;,<\/strong> afirm\u00f3 el mandatario, al responder a una consulta sobre la afirmaci\u00f3n de Infantino, a quien se refiri\u00f3 como &#8220;una fant\u00e1stica persona y s\u00ed el lo dijo, creo que as\u00ed deber\u00eda ser&#8221;, m\u00e1s all\u00e1 de lo sucedido en Canad\u00e1 con Taj y sus colegas, que debieron abandonar Toronto a bordo de un avi\u00f3n que los llev\u00f3 de regreso a su pa\u00eds, al otro lado del Atl\u00e1ntico.<\/p>\n<\/div>\n<div>\n<p><em>Con informaci\u00f3n de agencias<\/em><\/p>\n<\/div>\n<p><strong><a href=\"https:\/\/blockads.fivefilters.org\/\">Adblock test<\/a><\/strong> <a href=\"https:\/\/blockads.fivefilters.org\/acceptable.html\">(Why?)<\/a><\/p>\n<p>\u200b\u00a0\u00a0<\/p>","protected":false},"excerpt":{"rendered":"<p>El presidente de la FIFA, Gianni Infantino, confirm\u00f3 este jueves que Ir\u00e1n disputar\u00e1 sus partidos&#8230;<\/p>\n","protected":false},"author":1,"featured_media":23517,"comment_status":"closed","ping_status":"closed","sticky":false,"template":"","format":"standard","meta":{"footnotes":""},"categories":[4],"tags":[],"class_list":["post-23516","post","type-post","status-publish","format-standard","has-post-thumbnail","hentry","category-deportes"],"aioseo_notices":[],"_links":{"self":[{"href":"https:\/\/infinitoradio.com\/index.php?rest_route=\/wp\/v2\/posts\/23516","targetHints":{"allow":["GET"]}}],"collection":[{"href":"https:\/\/infinitoradio.com\/index.php?rest_route=\/wp\/v2\/posts"}],"about":[{"href":"https:\/\/infinitoradio.com\/index.php?rest_route=\/wp\/v2\/types\/post"}],"author":[{"embeddable":true,"href":"https:\/\/infinitoradio.com\/index.php?rest_route=\/wp\/v2\/users\/1"}],"replies":[{"embeddable":true,"href":"https:\/\/infinitoradio.com\/index.php?rest_route=%2Fwp%2Fv2%2Fcomments&post=23516"}],"version-history":[{"count":0,"href":"https:\/\/infinitoradio.com\/index.php?rest_route=\/wp\/v2\/posts\/23516\/revisions"}],"wp:featuredmedia":[{"embeddable":true,"href":"https:\/\/infinitoradio.com\/index.php?rest_route=\/wp\/v2\/media\/23517"}],"wp:attachment":[{"href":"https:\/\/infinitoradio.com\/index.php?rest_route=%2Fwp%2Fv2%2Fmedia&parent=23516"}],"wp:term":[{"taxonomy":"category","embeddable":true,"href":"https:\/\/infinitoradio.com\/index.php?rest_route=%2Fwp%2Fv2%2Fcategories&post=23516"},{"taxonomy":"post_tag","embeddable":true,"href":"https:\/\/infinitoradio.com\/index.php?rest_route=%2Fwp%2Fv2%2Ftags&post=23516"}],"curies":[{"name":"wp","href":"https:\/\/api.w.org\/{rel}","templated":true}]}}