{"id":23494,"date":"2026-04-30T11:30:25","date_gmt":"2026-04-30T14:30:25","guid":{"rendered":"https:\/\/infinitoradio.com\/?p=23494"},"modified":"2026-04-30T11:30:25","modified_gmt":"2026-04-30T14:30:25","slug":"que-le-pasa-a-carlos-alcaraz-hermetismo-total-de-su-entorno-y-en-espana-temen-que-pueda-estar-hasta-seis-meses-parado","status":"publish","type":"post","link":"https:\/\/infinitoradio.com\/?p=23494","title":{"rendered":"\u00bfQu\u00e9 le pasa a Carlos Alcaraz?: hermetismo total de su entorno y en Espa\u00f1a temen que pueda estar &#8220;hasta seis meses parado&#8221;"},"content":{"rendered":"<div><img decoding=\"async\" src=\"https:\/\/www.clarin.com\/img\/2026\/04\/30\/pu_hwYeh0_2000x1500__1.jpg\" class=\"ff-og-image-inserted\" \/><\/div>\n<div>\n<p>La salud f\u00edsica de <strong>Carlos Alcaraz<\/strong> es una inc\u00f3gnita. Tras retirarse del ATP 500 de Barcelona, el espa\u00f1ol n\u00famero 2 del ranking anuncio que se bajaba del Masters 1000 de Madrid por una lesi\u00f3n (\u00bfcr\u00f3nica?) en el antebrazo y su mu\u00f1eca derecha y desde su entorno no hubo comunicaci\u00f3n de c\u00f3mo sigue su recuperaci\u00f3n. Descartada su presencia en <strong>Roland Garros<\/strong>, a esta altura el mundo del tenis se pregunta si jugar\u00e1 <strong>Wimbledon<\/strong>.<\/p>\n<\/div>\n<div>\n<p>La dolencia, que comenz\u00f3 en el torneo de Barcelona, no es un simple contratiempo: los estudios m\u00e9dicos revelaron una afecci\u00f3n persistente en la articulaci\u00f3n, con riesgo de volverse cr\u00f3nica si no se trata con m\u00e1xima cautela. Por eso, el murciano tom\u00f3 una decisi\u00f3n fuerte: frenar en seco su temporada sobre polvo de ladrillo.<\/p>\n<\/div>\n<div>\n<p>Alcaraz ya se baj\u00f3 de Madrid, Roma y tambi\u00e9n de Roland Garros, torneo que hab\u00eda ganado en las \u00faltimas ediciones. La prioridad ahora no es competir, sino evitar que la lesi\u00f3n se agrave y comprometa el resto del a\u00f1o.<\/p>\n<\/div>\n<div>\n<p>\u00bfQu\u00e9 tiene Alcaraz? Aunque no hay un diagn\u00f3stico p\u00fablico definitivo, algunas versiones apuntan a una tenosinovitis con posible afectaci\u00f3n estructural, una lesi\u00f3n que requiere reposo prolongado y rehabilitaci\u00f3n espec\u00edfica.<\/p>\n<\/div>\n<div>\n<p>A falta de comunicaci\u00f3n oficial, los medios espa\u00f1oles y del mundo del tenis especulan con una posible intervenci\u00f3n quir\u00fargica y comenzaron a consultar a especialistas. <\/p>\n<\/div>\n<div>\n<p>&#8220;Es un problema que se resuelve con reposo y tratamiento en muchos de los casos y en ese sentido no es algo preocupante, pero hay muchos tipos de lesiones y aqu\u00ed resulta obvio que nos falta informaci\u00f3n&#8221;, le dijo a la agencia EFE el doctor Jos\u00e9 Luis Mart\u00ednez Romero, especialista en cirug\u00eda ortop\u00e9dica y traumatolog\u00eda.<\/p>\n<\/div>\n<div>\n<p>Mart\u00ednez, habl\u00f3 del riesgo de una lesi\u00f3n cr\u00f3nica: &#8220;Si es una tenosinovitis aguda la recuperaci\u00f3n se estima en un periodo de entre cuatro y seis semanas pero<strong> si la lesi\u00f3n viene de atr\u00e1s y est\u00e1 cronificada ya podemos estar hablando de entre tres y seis meses<\/strong>, y eso supondr\u00eda tener que decir adi\u00f3s a la presente temporada&#8221;.<\/p>\n<\/div>\n<div>\n<p>El especialista asegur\u00f3 que la molestia que genera la lesi\u00f3n que sufrir\u00eda Alcaraz, hasta podr\u00eda modificar su manera de empu\u00f1ar y pegarle a la pelota: &#8220;En este momento estamos hablando de elucubraciones pero si no hay lesi\u00f3n del tend\u00f3n y no hay degeneraci\u00f3n la recuperaci\u00f3n es total, pero larga; pero las complicaciones incluso podr\u00edan motivar que Carlos tuviera que cambiar la t\u00e9cnica de golpeo&#8221;.<\/p>\n<\/div>\n<div>\n<p>Los pron\u00f3sticos m\u00e1s optimistas apuntan a que Carlitos llegue a la gira de c\u00e9sped y se lo pueda ver la semana del 16 de junio en Queens, la previa de Wimbledon que arranca el 30 de junio.<\/p>\n<\/div>\n<p><strong><a href=\"https:\/\/blockads.fivefilters.org\/\">Adblock test<\/a><\/strong> <a href=\"https:\/\/blockads.fivefilters.org\/acceptable.html\">(Why?)<\/a><\/p>\n<p>\u200b\u00a0\u00a0<\/p>","protected":false},"excerpt":{"rendered":"<p>La salud f\u00edsica de Carlos Alcaraz es una inc\u00f3gnita. Tras retirarse del ATP 500 de&#8230;<\/p>\n","protected":false},"author":1,"featured_media":23495,"comment_status":"closed","ping_status":"closed","sticky":false,"template":"","format":"standard","meta":{"footnotes":""},"categories":[4],"tags":[],"class_list":["post-23494","post","type-post","status-publish","format-standard","has-post-thumbnail","hentry","category-deportes"],"aioseo_notices":[],"_links":{"self":[{"href":"https:\/\/infinitoradio.com\/index.php?rest_route=\/wp\/v2\/posts\/23494","targetHints":{"allow":["GET"]}}],"collection":[{"href":"https:\/\/infinitoradio.com\/index.php?rest_route=\/wp\/v2\/posts"}],"about":[{"href":"https:\/\/infinitoradio.com\/index.php?rest_route=\/wp\/v2\/types\/post"}],"author":[{"embeddable":true,"href":"https:\/\/infinitoradio.com\/index.php?rest_route=\/wp\/v2\/users\/1"}],"replies":[{"embeddable":true,"href":"https:\/\/infinitoradio.com\/index.php?rest_route=%2Fwp%2Fv2%2Fcomments&post=23494"}],"version-history":[{"count":0,"href":"https:\/\/infinitoradio.com\/index.php?rest_route=\/wp\/v2\/posts\/23494\/revisions"}],"wp:featuredmedia":[{"embeddable":true,"href":"https:\/\/infinitoradio.com\/index.php?rest_route=\/wp\/v2\/media\/23495"}],"wp:attachment":[{"href":"https:\/\/infinitoradio.com\/index.php?rest_route=%2Fwp%2Fv2%2Fmedia&parent=23494"}],"wp:term":[{"taxonomy":"category","embeddable":true,"href":"https:\/\/infinitoradio.com\/index.php?rest_route=%2Fwp%2Fv2%2Fcategories&post=23494"},{"taxonomy":"post_tag","embeddable":true,"href":"https:\/\/infinitoradio.com\/index.php?rest_route=%2Fwp%2Fv2%2Ftags&post=23494"}],"curies":[{"name":"wp","href":"https:\/\/api.w.org\/{rel}","templated":true}]}}