{"id":23486,"date":"2026-04-30T00:56:26","date_gmt":"2026-04-30T03:56:26","guid":{"rendered":"https:\/\/infinitoradio.com\/?p=23486"},"modified":"2026-04-30T00:56:26","modified_gmt":"2026-04-30T03:56:26","slug":"platense-celebro-su-primer-triunfo-como-local-en-la-copa-libertadores-y-se-acomodo-en-su-grupo","status":"publish","type":"post","link":"https:\/\/infinitoradio.com\/?p=23486","title":{"rendered":"Platense celebr\u00f3 su primer triunfo como local en la Copa Libertadores y se acomod\u00f3 en su grupo"},"content":{"rendered":"<p><b>Platense <\/b>consigui\u00f3 una victoria hist\u00f3rica en Vicente L\u00f3pez: venci\u00f3 <b>2-1 <\/b>a <b>Independiente Santa Fe <\/b>por la tercera fecha del Grupo E y logr\u00f3 su primer triunfo como local en la <b>Copa Libertadores<\/b>, en su temporada debut en la competencia. Ante un rival con un marcado perfil de experiencia \u2014<b>promedio de 31 a\u00f1os<\/b>\u2014, el equipo argentino mostr\u00f3 personalidad, construy\u00f3 una actuaci\u00f3n s\u00f3lida y se acomod\u00f3 en la tabla.<\/p>\n<p>El partido comenz\u00f3 con intensidad y paridad. El equipo colombiano mostr\u00f3 buenos pasajes de juego, con movilidad y criterio en el manejo de la pelota, pero Platense se afirm\u00f3 en su condici\u00f3n de local y logr\u00f3 imponer su ritmo durante la primera etapa. Con orden y claridad, el conjunto dirigido por <b>Walter Zunino <\/b>tom\u00f3 la iniciativa y gener\u00f3 las situaciones m\u00e1s peligrosas en ataque.<\/p>\n<p>A los 18 minutos se produjo una jugada que despert\u00f3 pol\u00e9mica. <b>Iv\u00e1n G\u00f3mez <\/b>disput\u00f3 una pelota a\u00e9rea con <b>Hugo Rodallega <\/b>y el delantero acus\u00f3 un golpe en el rostro. En primera instancia, el \u00e1rbitro interpret\u00f3 que la acci\u00f3n ameritaba una tarjeta roja, pero tras revisarla en el VAR decidi\u00f3 cambiar el fallo y sancion\u00f3 la infracci\u00f3n con tarjeta amarilla. Una acci\u00f3n que podr\u00eda haber cambiado el desarrollo del partido.<\/p>\n<blockquote class=\"twitter-tweet\">\n<p lang=\"es\" dir=\"ltr\">El \u00e1rbitro Alexis Herrera primero EXPULS\u00d3 a Iv\u00e1n G\u00f3mez por esta jugada, pero luego la revis\u00f3 y solo le sac\u00f3 amarilla en Platense-Independiente Santa Fe. \u00bfQu\u00e9 te parece?<\/p>\n<p>\ud83d\udcfa Mir\u00e1 TODA la CONMEBOL <a href=\"https:\/\/twitter.com\/hashtag\/Libertadores?src=hash&amp;ref_src=twsrc%5Etfw\">#Libertadores<\/a> por <a href=\"https:\/\/twitter.com\/hashtag\/DisneyPlus?src=hash&amp;ref_src=twsrc%5Etfw\">#DisneyPlus<\/a> Plan Premium <a href=\"https:\/\/t.co\/DgGswJsuPc\">pic.twitter.com\/DgGswJsuPc<\/a><\/p>\n<p>\u2014 SportsCenter (@SC_ESPN) <a href=\"https:\/\/twitter.com\/SC_ESPN\/status\/2049615905382908055?ref_src=twsrc%5Etfw\">April 29, 2026<\/a><\/p><\/blockquote>\n<p>El delantero de 40 a\u00f1os, con paso por Fulham en la Premier League entre 2012 y 2015, hizo valer su experiencia: provoc\u00f3 infracciones y result\u00f3 una constante incomodidad para la defensa local, aunque no logr\u00f3 rematar al arco. En esa l\u00ednea, el entrenador de Independiente de Santa Fe, <b>Pablo Repetto<\/b>, present\u00f3 una formaci\u00f3n con un marcado perfil experimentado, con un <b>promedio de 31 a\u00f1os <\/b>y varios futbolistas por encima de los 30, una apuesta por la jerarqu\u00eda y el recorrido en un contexto internacional exigente.<\/p>\n<p>El Calamar mantuvo la presi\u00f3n y volvi\u00f3 a acercarse a los 27 minutos, cuando una acci\u00f3n dentro del \u00e1rea deriv\u00f3 en una salvada providencial de <b>V\u00edctor Moreno <\/b>sobre la l\u00ednea. El equipo de Vicente L\u00f3pez insisti\u00f3 y poco despu\u00e9s tuvo otra oportunidad clara con un remate del capit\u00e1n <b>Guido Mainero<\/b>,<b> <\/b>que se estrell\u00f3 en el palo, aunque la jugada fue invalidada por una dudosa posici\u00f3n adelantada.<\/p>\n<p>Sobre el cierre de la primera etapa, Platense volvi\u00f3 a generar una ocasi\u00f3n clara a partir de una pelota detenida: un tiro libre deriv\u00f3 en un cabezazo de <b>Kevin Retamar<\/b> que exigi\u00f3 la intervenci\u00f3n del arquero colombiano, <b>Andr\u00e9s Mosquera<\/b>, que respondi\u00f3 con solvencia para evitar la apertura del marcador.<\/p>\n<p><img loading=\"lazy\" decoding=\"async\" src=\"https:\/\/resizer.glanacion.com\/resizer\/v2\/MDQFCYHH25HGHLQDAYHCNZOZKE.JPG?auth=dc7cec7579bee44d720d9732013ce0044130e48e129ad93098f276caa104179d&amp;smart=true&amp;width=3882&amp;height=2588\" alt=\"Tom\u00e1s Nasif aguanta la pelota ante la marca de Emanuel Olivera y Kilian Toscano\" height=\"2588\" width=\"3882\" \/><\/p>\n<p>El desarrollo se mantuvo abierto y din\u00e1mico, con ambos equipos en b\u00fasqueda constante del arco rival. Los conocidos como <i>El Le\u00f3n<\/i> apostaron por la habilidad y experiencia de sus jugadores, entre los que estaba el defensor argentino <b>Emanuel Olivera<\/b>, de 36 a\u00f1os. En la segunda parte, se sumar\u00eda otro jugador nacional, el delantero <b>Nahuel Bustos<\/b>. El Calamar se mostr\u00f3 m\u00e1s preciso en los \u00faltimos metros y dej\u00f3 una mejor imagen en t\u00e9rminos de juego y generaci\u00f3n de situaciones, pero faltaba el gol.<\/p>\n<p>En la segunda parte lleg\u00f3 la alegr\u00eda para Platense. A los 57 minutos, una jugada que se inici\u00f3 con un centro desde la derecha de <b>Tom\u00e1s Nasif<\/b>, tras imponerse sobre el lateral, deriv\u00f3 en Mainero, que casi como en una pared devolvi\u00f3 la pelota al \u00e1rea. All\u00ed apareci\u00f3 el propio Nasif, que conect\u00f3 de cabeza y, pese al leve contacto del arquero, logr\u00f3 convertir. Fue el <b>primer gol del club en su estadio en la historia de la Copa Libertadores<\/b>, en el marco de su debut en esta temporada.<\/p>\n<p>El impulso no se detuvo. Apenas seis minutos m\u00e1s tarde, otra acci\u00f3n por la v\u00eda a\u00e9rea ampli\u00f3 la diferencia. Tras un c\u00f3rner ejecutado por Mainero, <b>Mateo Mend\u00eda <\/b>gan\u00f3 en lo alto y defini\u00f3 con un cabezazo preciso para establecer el 2-0. El defensor surgido en Boca, a pr\u00e9stamo en la instituci\u00f3n de Vicente L\u00f3pez, anot\u00f3 as\u00ed su primer tanto en primera divisi\u00f3n.<\/p>\n<p><img loading=\"lazy\" decoding=\"async\" src=\"https:\/\/resizer.glanacion.com\/resizer\/v2\/2JWL2TGOVJEVND2HPLSV6MIPFY.JPG?auth=328b96c5ca2e64d7745bdac5a7abaddc706e8f484b9d69da6182038623020eb5&amp;smart=true&amp;width=3716&amp;height=2477\" alt=\"El cabezazo de Mateo Mendia para marcar su primer gol en primera y el segundo en la victoria de Platense por Libertadores\" height=\"2477\" width=\"3716\" \/><\/p>\n<p>Con la ventaja, Platense se solt\u00f3 y disfrut\u00f3 del desarrollo, con pasajes de buen juego y dominio territorial. Eso no impidi\u00f3 algunas aproximaciones del conjunto colombiano, habituado a este tipo de torneos. En ese contexto, el entrenador local aprovech\u00f3 cada pausa de hidrataci\u00f3n \u2014la disposici\u00f3n de la Conmebol a pesar de los cerca de 19 grados en Vicente L\u00f3pez\u2014 para reordenar al equipo y transmitir indicaciones con intensidad, mientras que su par tampoco dej\u00f3 de dar instrucciones.<\/p>\n<p>Las situaciones continuaron con Guido Mainero como eje ofensivo: el mediocampista se consolid\u00f3 como generador y asistidor a lo largo de todo el encuentro, clave en la construcci\u00f3n del juego y en la gestaci\u00f3n de las acciones m\u00e1s peligrosas del equipo.<\/p>\n<p>En el cierre, cuando el estadio ya era una fiesta, Independiente Santa Fe encontr\u00f3 el descuento a los 94 minutos. Tras un tiro libre y una serie de rebotes en el \u00e1rea, la pelota le qued\u00f3 a <b>Franco Fag\u00fandez<\/b>, que defini\u00f3 para el 2-1 final. El delantero uruguayo, de 25 a\u00f1os, uno de los m\u00e1s insistentes del conjunto colombiano, tuvo su premio y extendi\u00f3 su racha a tres goles en los \u00faltimos tres partidos.<\/p>\n<h2>La victoria de Platense ante Independiente Santa Fe<\/h2>\n\n<p>La victoria le permiti\u00f3 a Platense acomodarse en el grupo, al alcanzar la l\u00ednea de Corinthians con seis puntos, que jugar\u00e1 ma\u00f1ana jueves ante Pe\u00f1arol en Brasil. M\u00e1s all\u00e1 de la tabla, la vuelta al triunfo tras dos partidos para los locales dej\u00f3 una marca significativa: la primera celebraci\u00f3n en casa en la historia del club en la Copa Libertadores, en una noche que consolid\u00f3 su ilusi\u00f3n en el plano internacional.<\/p>\n<p>\u200bSuper\u00f3 2-1 a Independiente Santa Fe en Vicente L\u00f3pez, que present\u00f3 un once con promedio de 31 a\u00f1os\u00a0\u00a0LA NACION<\/p>","protected":false},"excerpt":{"rendered":"<p>Platense consigui\u00f3 una victoria hist\u00f3rica en Vicente L\u00f3pez: venci\u00f3 2-1 a Independiente Santa Fe por&#8230;<\/p>\n","protected":false},"author":1,"featured_media":23487,"comment_status":"closed","ping_status":"closed","sticky":false,"template":"","format":"standard","meta":{"footnotes":""},"categories":[2],"tags":[],"class_list":["post-23486","post","type-post","status-publish","format-standard","has-post-thumbnail","hentry","category-nacionales"],"aioseo_notices":[],"_links":{"self":[{"href":"https:\/\/infinitoradio.com\/index.php?rest_route=\/wp\/v2\/posts\/23486","targetHints":{"allow":["GET"]}}],"collection":[{"href":"https:\/\/infinitoradio.com\/index.php?rest_route=\/wp\/v2\/posts"}],"about":[{"href":"https:\/\/infinitoradio.com\/index.php?rest_route=\/wp\/v2\/types\/post"}],"author":[{"embeddable":true,"href":"https:\/\/infinitoradio.com\/index.php?rest_route=\/wp\/v2\/users\/1"}],"replies":[{"embeddable":true,"href":"https:\/\/infinitoradio.com\/index.php?rest_route=%2Fwp%2Fv2%2Fcomments&post=23486"}],"version-history":[{"count":0,"href":"https:\/\/infinitoradio.com\/index.php?rest_route=\/wp\/v2\/posts\/23486\/revisions"}],"wp:featuredmedia":[{"embeddable":true,"href":"https:\/\/infinitoradio.com\/index.php?rest_route=\/wp\/v2\/media\/23487"}],"wp:attachment":[{"href":"https:\/\/infinitoradio.com\/index.php?rest_route=%2Fwp%2Fv2%2Fmedia&parent=23486"}],"wp:term":[{"taxonomy":"category","embeddable":true,"href":"https:\/\/infinitoradio.com\/index.php?rest_route=%2Fwp%2Fv2%2Fcategories&post=23486"},{"taxonomy":"post_tag","embeddable":true,"href":"https:\/\/infinitoradio.com\/index.php?rest_route=%2Fwp%2Fv2%2Ftags&post=23486"}],"curies":[{"name":"wp","href":"https:\/\/api.w.org\/{rel}","templated":true}]}}