{"id":23478,"date":"2026-04-29T23:23:33","date_gmt":"2026-04-30T02:23:33","guid":{"rendered":"https:\/\/infinitoradio.com\/?p=23478"},"modified":"2026-04-29T23:23:33","modified_gmt":"2026-04-30T02:23:33","slug":"que-la-gente-se-acerque-y-colabore-festival-solidario-para-ayudar-al-hogar-don-orione","status":"publish","type":"post","link":"https:\/\/infinitoradio.com\/?p=23478","title":{"rendered":"\u201cQue la gente se acerque y colabore\u201d: festival solidario para ayudar al Hogar Don Orione\u200b"},"content":{"rendered":"<p>Este domingo 3 de mayo, en el sector de Villa Rosas, se realizar\u00e1 un festival solidario a beneficio del Hogar Don Orione, una instituci\u00f3n que atraviesa una situaci\u00f3n cr\u00edtica y necesita del acompa\u00f1amiento de la comunidad. La actividad tendr\u00e1 lugar en la tradicional feria de Arias y Ecuador, entre las 14 y las 18, con la participaci\u00f3n de artistas locales, emprendedores y propuestas para toda la familia.<\/p>\n<p>La iniciativa surge a partir de la preocupaci\u00f3n de vecinos y organizadores por la realidad del hogar. \u201cNos sumamos a la campa\u00f1a para colaborar con el Hogar Don Orione, que tanta falta hace ayudar a esta instituci\u00f3n\u201d, se\u00f1alaron. En ese marco, decidieron destinar lo recaudado durante la jornada a cubrir necesidades b\u00e1sicas del establecimiento.<\/p>\n<p>Durante el evento, el p\u00fablico podr\u00e1 disfrutar de m\u00fasica en vivo, feria de emprendedores, juegos para chicos y distintas actividades recreativas. \u201cVa a disfrutar de un domingo de feria y m\u00fasica, una gran feria y artistas invitados locales\u201d, explicaron las organizadoras, quienes adem\u00e1s destacaron el car\u00e1cter comunitario de la propuesta.<\/p>\n<p>En cuanto a las donaciones, se solicit\u00f3 la colaboraci\u00f3n con insumos esenciales. \u201cEst\u00e1n pidiendo pa\u00f1ales, talles grandes, aceite, t\u00e9, mate cocido y tambi\u00e9n un alimento complementario que se llama Ensure\u201d, detallaron. Adem\u00e1s, indicaron que quienes deseen realizar aportes econ\u00f3micos podr\u00e1n hacerlo a trav\u00e9s de los canales que ser\u00e1n difundidos durante la jornada.<\/p>\n<p>Las organizadoras apelaron a la solidaridad de los vecinos y destacaron el compromiso de la ciudad ante este tipo de iniciativas. \u201cSabemos que Bah\u00eda es muy solidaria, as\u00ed que lo importante es que la gente se acerque y colabore\u201d, afirmaron. Tambi\u00e9n invitaron a disfrutar del encuentro en un clima familiar: \u201cQue lleven su reposera, su termo, vengan a pasar un buen momento y a dar una mano\u201d.<\/p>\n<p>El festival contar\u00e1 con la participaci\u00f3n de distintos artistas, DJ y propuestas para todas las edades, en una jornada que busca combinar entretenimiento y solidaridad. \u201cLa va a pasar bomba, siempre se pasa lindo, as\u00ed que vayan\u201d, cerraron, con la expectativa de una amplia convocatoria.<\/p>\n<figure class=\"wp-block-embed is-type-video is-provider-youtube wp-block-embed-youtube wp-embed-aspect-16-9 wp-has-aspect-ratio\">\n<div class=\"wp-block-embed__wrapper\">\n<div class=\"epyt-video-wrapper\">\n<div data-origwidth=\"800\" data-origheight=\"450\" data-facadesrc=\"https:\/\/www.youtube.com\/embed\/Kcu8hmnGyig?enablejsapi=1&amp;autoplay=0&amp;cc_load_policy=1&amp;cc_lang_pref=es&amp;iv_load_policy=3&amp;loop=0&amp;modestbranding=1&amp;rel=0&amp;fs=1&amp;playsinline=0&amp;autohide=2&amp;hl=es_ES&amp;theme=dark&amp;color=red&amp;controls=1&amp;\" class=\"__youtube_prefs__ epyt-facade epyt-is-override  no-lazyload\" data-epautoplay=\"1\"><img decoding=\"async\" data-spai-excluded=\"true\" class=\"epyt-facade-poster skip-lazy\" loading=\"lazy\" alt=\"Festival a beneficio de Don Orione\" src=\"https:\/\/i.ytimg.com\/vi\/Kcu8hmnGyig\/maxresdefault.jpg\" \/><button class=\"epyt-facade-play\" aria-label=\"Play\"><\/button><\/div>\n<\/div>\n<\/div>\n<\/figure>\n<p><strong><a href=\"https:\/\/blockads.fivefilters.org\/\">Adblock test<\/a><\/strong> <a href=\"https:\/\/blockads.fivefilters.org\/acceptable.html\">(Why?)<\/a><\/p>\n<p>\u00a0\u00a0<\/p>","protected":false},"excerpt":{"rendered":"<p>Este domingo 3 de mayo, en el sector de Villa Rosas, se realizar\u00e1 un festival&#8230;<\/p>\n","protected":false},"author":1,"featured_media":23479,"comment_status":"closed","ping_status":"closed","sticky":false,"template":"","format":"standard","meta":{"footnotes":""},"categories":[6],"tags":[],"class_list":["post-23478","post","type-post","status-publish","format-standard","has-post-thumbnail","hentry","category-regionales"],"aioseo_notices":[],"_links":{"self":[{"href":"https:\/\/infinitoradio.com\/index.php?rest_route=\/wp\/v2\/posts\/23478","targetHints":{"allow":["GET"]}}],"collection":[{"href":"https:\/\/infinitoradio.com\/index.php?rest_route=\/wp\/v2\/posts"}],"about":[{"href":"https:\/\/infinitoradio.com\/index.php?rest_route=\/wp\/v2\/types\/post"}],"author":[{"embeddable":true,"href":"https:\/\/infinitoradio.com\/index.php?rest_route=\/wp\/v2\/users\/1"}],"replies":[{"embeddable":true,"href":"https:\/\/infinitoradio.com\/index.php?rest_route=%2Fwp%2Fv2%2Fcomments&post=23478"}],"version-history":[{"count":0,"href":"https:\/\/infinitoradio.com\/index.php?rest_route=\/wp\/v2\/posts\/23478\/revisions"}],"wp:featuredmedia":[{"embeddable":true,"href":"https:\/\/infinitoradio.com\/index.php?rest_route=\/wp\/v2\/media\/23479"}],"wp:attachment":[{"href":"https:\/\/infinitoradio.com\/index.php?rest_route=%2Fwp%2Fv2%2Fmedia&parent=23478"}],"wp:term":[{"taxonomy":"category","embeddable":true,"href":"https:\/\/infinitoradio.com\/index.php?rest_route=%2Fwp%2Fv2%2Fcategories&post=23478"},{"taxonomy":"post_tag","embeddable":true,"href":"https:\/\/infinitoradio.com\/index.php?rest_route=%2Fwp%2Fv2%2Ftags&post=23478"}],"curies":[{"name":"wp","href":"https:\/\/api.w.org\/{rel}","templated":true}]}}