{"id":23476,"date":"2026-04-29T23:23:25","date_gmt":"2026-04-30T02:23:25","guid":{"rendered":"https:\/\/infinitoradio.com\/?p=23476"},"modified":"2026-04-29T23:23:25","modified_gmt":"2026-04-30T02:23:25","slug":"la-casa-de-los-espiritus-volvio-en-formato-de-serie-por-que-vale-la-pena-revisitar-la-historia-escrita-por-isabel-allende","status":"publish","type":"post","link":"https:\/\/infinitoradio.com\/?p=23476","title":{"rendered":"&#8220;La casa de los esp\u00edritus&#8221; volvi\u00f3 en formato de serie: por qu\u00e9 vale la pena revisitar la historia escrita por Isabel Allende"},"content":{"rendered":"<div class=\"sc-45461e9c-0 eqiBeF container-text text-embed \">\n<p>Las adaptaciones de novelas c\u00e9lebres suelen cargar con una doble mochila: satisfacer a quienes aman el libro y convencer a quienes llegan sin referencias previas.<strong> La casa de los esp\u00edritus<\/strong>, estrenada este mi\u00e9rcoles 29 de abril en Prime Video -s\u00f3lo subi\u00f3 sus tres primeros episodios-, supera ese desaf\u00edo con inteligencia.<\/p>\n<\/div>\n<div class=\"sc-45461e9c-0 eqiBeF container-text text-embed \">\n<p>Basada en la obra consagratoria de<strong> Isabel Allende,<\/strong> la producci\u00f3n retoma una historia que ya hab\u00eda tenido su paso por el cine en los &#8217;90, con un elenco internacional encabezado por <strong>Meryl Streep, Glenn Close, Antonio Banderas y Winona Ryder.<\/strong> Pero esta nueva versi\u00f3n entiende r\u00e1pido cu\u00e1l es su principal ventaja: el tiempo.<\/p>\n<\/div>\n<div class=\"sc-45461e9c-0 eqiBeF container-text text-embed \">\n<p>En <strong>ocho cap\u00edtulos<\/strong> de entre 40 y 50 minutos, <strong>la serie encuentra el espacio que la pel\u00edcula no ten\u00eda<\/strong>. Y eso se nota desde el comienzo. La narraci\u00f3n puede <strong>detenerse en v\u00ednculos, conflictos familiares y capas pol\u00edticas que antes quedaban apenas insinuadas.<\/strong> Sobre todo, permite incluir con el peso necesario a <strong>Alba<\/strong>, tercera generaci\u00f3n del linaje femenino que estructura el relato y figura decisiva en la novela.<\/p>\n<\/div>\n<div class=\"sc-45461e9c-0 eqiBeF container-text text-embed \">\n<p>Porque si algo hace bien esta reversi\u00f3n es comprender que <strong>La casa de los esp\u00edritus<\/strong> no es s\u00f3lo una saga rom\u00e1ntica ni una historia de \u00e9poca. Es, ante todo<strong>, la memoria de tres mujeres atravesadas por un pa\u00eds convulsionado,<\/strong> por la violencia de clase, por las heridas familiares y por una sensibilidad sobrenatural que convive naturalmente con lo cotidiano.<\/p>\n<\/div>\n<div class=\"sc-98b114a2-0 bkqiHH image-embed  image-embed \"><img fetchpriority=\"high\" decoding=\"async\" alt=\"Dolores Fonzi interpreta a Clara del Valle en su versi\u00f3n adulta, y brillar\u00e1 en lo episodios que estrenan el mi\u00e9rcoles 6 de mayo. \" loading=\"eager\" width=\"720\" height=\"480\" data-nimg=\"1\" src=\"https:\/\/www.clarin.com\/img\/2026\/04\/29\/E9Y1O5mxa_720x0__1.jpg\" \/><span class=\"epigraphe\" aria-hidden=\"true\">Dolores Fonzi interpreta a Clara del Valle en su versi\u00f3n adulta, y brillar\u00e1 en lo episodios que estrenan el mi\u00e9rcoles 6 de mayo. <\/span><span class=\"picture-open\"><button class=\"open-image\" aria-label=\"Open Image\"><\/button><\/span><\/div>\n<div class=\"sc-45461e9c-0 eqiBeF container-text text-embed \">\n<p>Para quienes no conocen la historia, <strong>la serie -al igual que el libro- sigue a la familia Trueba\/Del Valle a lo largo de varias d\u00e9cadas <\/strong>en un pa\u00eds sudamericano (que, aunque no se dice expl\u00edcitamente en ning\u00fan momento, se deja entrever que es Chile) <strong>atravesado por tensiones sociales y pol\u00edticas<\/strong>.<\/p>\n<\/div>\n<div class=\"sc-45461e9c-0 eqiBeF container-text text-embed \">\n<p>En ese recorrido, <strong>el amor, la ambici\u00f3n, la violencia, los secretos familiares y ciertos dones sobrenaturales marcan el destino de tres generaciones de mujeres: Clara, Blanca y Alba<\/strong>, unidas por una memoria que se transmite incluso en medio del dolor.<\/p>\n<\/div>\n<div class=\"sc-45461e9c-0 eqiBeF container-text text-embed \">\n<p>El coraz\u00f3n de los primeros episodios est\u00e1 puesto en <strong>Clara del Valle<\/strong>, eje espiritual de toda la historia. <strong>Francesca Turco,<\/strong> en la infancia, y <strong>Nicole Wallace<\/strong>, en la adolescencia y juventud, logran capturar esa mezcla de fragilidad aparente, intuici\u00f3n poderosa y templanza silenciosa que define al personaje.<\/p>\n<\/div>\n<div class=\"sc-98b114a2-0 bkqiHH image-embed  image-embed \"><img decoding=\"async\" alt=\"Francesca Turco interpreta a Clara durante su infancia. \" loading=\"eager\" width=\"720\" height=\"480\" data-nimg=\"1\" src=\"https:\/\/www.clarin.com\/img\/2026\/04\/29\/BMraTb7an_720x0__1.jpg\" \/><span class=\"epigraphe\" aria-hidden=\"true\">Francesca Turco interpreta a Clara durante su infancia. <\/span><span class=\"picture-open\"><button class=\"open-image\" aria-label=\"Open Image\"><\/button><\/span><\/div>\n<div class=\"sc-45461e9c-0 eqiBeF container-text text-embed \">\n<p><strong>Hay algo en sus miradas y en sus pausas que remite directamente a la Clara imaginada por generaciones de lectores<\/strong>. M\u00e1s adelante, cuando la trama avance, ser\u00e1 <strong>Dolores Fonzi<\/strong> quien tome la posta en la adultez. <strong>La actriz argentina aparece fugazmente en el cierre del tercer episodio<\/strong>.<\/p>\n<\/div>\n<div class=\"sc-45461e9c-0 eqiBeF container-text text-embed \">\n<p>Del otro lado aparece <strong>Esteban Trueba<\/strong>, interpretado por <strong>Alonso Herrera<\/strong>, una de las grandes apuestas actorales de la serie. El mexicano compone con convicci\u00f3n a ese hombre brutal, obsesivo y contradictorio que funciona como motor de buena parte del conflicto. <strong>El trabajo f\u00edsico y el maquillaje acompa\u00f1an bien su evoluci\u00f3n con el paso de los a\u00f1os.<\/strong><\/p>\n<\/div>\n<h2>Con fidelidad pero tambi\u00e9n frescura<\/h2>\n<div class=\"sc-45461e9c-0 eqiBeF container-text text-embed \">\n<p>Muchas veces ser fiel al libro se vuelve una trampa. Ac\u00e1 no. La serie respeta el esp\u00edritu de la novela sin convertirse en una ilustraci\u00f3n mec\u00e1nica de sus p\u00e1ginas. <strong>Conserva frases emblem\u00e1ticas, escenas clave y cierta musicalidad del texto original, pero tambi\u00e9n toma decisiones narrativas propias.<\/strong><\/p>\n<\/div>\n<div class=\"sc-98b114a2-0 bkqiHH image-embed  image-embed \"><img decoding=\"async\" alt=\"El mexicano Alonso Herrera es el encargado de interpretar al personaje de Esteban Trueba. \" loading=\"eager\" width=\"720\" height=\"480\" data-nimg=\"1\" src=\"https:\/\/www.clarin.com\/img\/2026\/03\/26\/vaCpyN-6O_720x0__1.jpg\" \/><span class=\"epigraphe\" aria-hidden=\"true\">El mexicano Alonso Herrera es el encargado de interpretar al personaje de Esteban Trueba. <\/span><span class=\"picture-open\"><button class=\"open-image\" aria-label=\"Open Image\"><\/button><\/span><\/div>\n<div class=\"sc-45461e9c-0 eqiBeF container-text text-embed \">\n<p>La m\u00e1s importante aparece desde el arranque: <strong>Alba, interpretada por la argentina Roc\u00edo Hern\u00e1ndez, funciona como narradora y voz en off de toda la historia.<\/strong> Desde la casa de Clara, rodeada de cuadernos y memorias familiares, <strong>intenta reconstruir el pasado para entender su presente<\/strong>. Ese recurso ordena una trama extensa y emocionalmente cargada, adem\u00e1s de reforzar la idea central del libro: contar tambi\u00e9n es una forma de sobrevivir.<\/p>\n<\/div>\n<div class=\"sc-45461e9c-0 eqiBeF container-text text-embed \">\n<p>Otro acierto es el idioma. <strong>Escuchar esta historia en espa\u00f1ol, con un elenco mayoritariamente latinoamericano, la acerca a sus ra\u00edces y la aleja del tono algo ajeno que ten\u00eda la versi\u00f3n cinematogr\u00e1fica.<\/strong><\/p>\n<\/div>\n<div class=\"sc-45461e9c-0 eqiBeF container-text text-embed \">\n<p>Visualmente, la producci\u00f3n acompa\u00f1a Hay cuidado en la ambientaci\u00f3n, en los objetos, en la casa como espacio simb\u00f3lico y en los climas emocionales. Sin caer en excesos, tambi\u00e9n <strong>logra insertar los elementos m\u00e1gicos con naturalidad,<\/strong> como si convivieran desde siempre con la tragedia dom\u00e9stica y la historia pol\u00edtica.<\/p>\n<\/div>\n<div class=\"sc-e1444937-0 iklXgl border-video video-embed vertical border-video video-embed vertical\">\n<div class=\"sc-e1444937-1 cndXWK videoText videoText\" aria-hidden=\"true\">\n<h2>Video<\/h2>\n<p>Trailer de &#8220;La casa de los esp\u00edritus&#8221;<\/p>\n<\/div>\n<\/div>\n<div class=\"sc-45461e9c-0 eqiBeF container-text text-embed \">\n<p>En tiempos en que muchas series parecen dise\u00f1adas para olvidarse r\u00e1pido, <strong>La casa de los esp\u00edritus <\/strong>apuesta por lo contrario: por personajes que dejan huella, por emociones que permanecen y por <strong>una narrativa que entiende que el pasado nunca termina de irse.<\/strong><\/p>\n<\/div>\n<h2>Ficha <\/h2>\n<div class=\"sc-45461e9c-0 eqiBeF container-text text-embed \">\n<p><em>Calificaci\u00f3n: <\/em><strong><em>Muy buena. <\/em><\/strong><\/p>\n<\/div>\n<div class=\"sc-45461e9c-0 eqiBeF container-text text-embed \">\n<p>Drama <strong>Protagonistas: <\/strong>Alfonso Herrera, Dolores Fonzi, Nicole Wallace, Juan Pablo Raba, Fernanda Castillo, Nicol\u00e1s Francella, Roc\u00edo Hern\u00e1ndez y otros <strong>Direcci\u00f3n: <\/strong>Francisca Alegr\u00eda, Fernanda Urrejola y Andr\u00e9s Wood <strong>Emisi\u00f3n:<\/strong> Ocho episodios de entre 40 y 50 minutos. Hay tres disponibles en Prime Video; el mi\u00e9rcoles 6 de mayo estrenan dos m\u00e1s y <strong>el mi\u00e9rcoles 13 de mayo, los tres finales.<\/strong><\/p>\n<\/div>\n<p><strong><a href=\"https:\/\/blockads.fivefilters.org\/\">Adblock test<\/a><\/strong> <a href=\"https:\/\/blockads.fivefilters.org\/acceptable.html\">(Why?)<\/a><\/p>\n<p>\u200b\u00a0\u00a0<\/p>","protected":false},"excerpt":{"rendered":"<p>Las adaptaciones de novelas c\u00e9lebres suelen cargar con una doble mochila: satisfacer a quienes aman&#8230;<\/p>\n","protected":false},"author":1,"featured_media":23477,"comment_status":"closed","ping_status":"closed","sticky":false,"template":"","format":"standard","meta":{"footnotes":""},"categories":[5],"tags":[],"class_list":["post-23476","post","type-post","status-publish","format-standard","has-post-thumbnail","hentry","category-espectaculos"],"aioseo_notices":[],"_links":{"self":[{"href":"https:\/\/infinitoradio.com\/index.php?rest_route=\/wp\/v2\/posts\/23476","targetHints":{"allow":["GET"]}}],"collection":[{"href":"https:\/\/infinitoradio.com\/index.php?rest_route=\/wp\/v2\/posts"}],"about":[{"href":"https:\/\/infinitoradio.com\/index.php?rest_route=\/wp\/v2\/types\/post"}],"author":[{"embeddable":true,"href":"https:\/\/infinitoradio.com\/index.php?rest_route=\/wp\/v2\/users\/1"}],"replies":[{"embeddable":true,"href":"https:\/\/infinitoradio.com\/index.php?rest_route=%2Fwp%2Fv2%2Fcomments&post=23476"}],"version-history":[{"count":0,"href":"https:\/\/infinitoradio.com\/index.php?rest_route=\/wp\/v2\/posts\/23476\/revisions"}],"wp:featuredmedia":[{"embeddable":true,"href":"https:\/\/infinitoradio.com\/index.php?rest_route=\/wp\/v2\/media\/23477"}],"wp:attachment":[{"href":"https:\/\/infinitoradio.com\/index.php?rest_route=%2Fwp%2Fv2%2Fmedia&parent=23476"}],"wp:term":[{"taxonomy":"category","embeddable":true,"href":"https:\/\/infinitoradio.com\/index.php?rest_route=%2Fwp%2Fv2%2Fcategories&post=23476"},{"taxonomy":"post_tag","embeddable":true,"href":"https:\/\/infinitoradio.com\/index.php?rest_route=%2Fwp%2Fv2%2Ftags&post=23476"}],"curies":[{"name":"wp","href":"https:\/\/api.w.org\/{rel}","templated":true}]}}