{"id":23474,"date":"2026-04-29T23:23:25","date_gmt":"2026-04-30T02:23:25","guid":{"rendered":"https:\/\/infinitoradio.com\/?p=23474"},"modified":"2026-04-29T23:23:25","modified_gmt":"2026-04-30T02:23:25","slug":"el-diablo-viste-a-la-moda-2-en-que-cines-se-estrena-horarios-y-todo-lo-que-se-sabe-de-la-secuela-que-protagoniza-meryl-streep-y-anne-hathaway","status":"publish","type":"post","link":"https:\/\/infinitoradio.com\/?p=23474","title":{"rendered":"El Diablo Viste a la Moda 2: en qu\u00e9 cines se estrena, horarios y todo lo que se sabe de la secuela que protagoniza Meryl Streep y Anne Hathaway"},"content":{"rendered":"<div><img decoding=\"async\" src=\"https:\/\/www.clarin.com\/img\/2026\/04\/23\/nhe0Kclf4_2000x1500__1.jpg\" class=\"ff-og-image-inserted\" \/><\/div>\n<div>\n<p>La <strong>secuela de <em>El Diablo viste a la moda<\/em> llega a la pantalla grande este jueves 30 de abril<\/strong>, a 20 a\u00f1os de la pel\u00edcula original que marc\u00f3 a toda una generaci\u00f3n. El estreno gener\u00f3 gran expectativa entre los fan\u00e1ticos por el regreso de sus personajes originales, que ahora deber\u00e1n enfrentarse a un nuevo desaf\u00edo en el <a href=\"https:\/\/www.clarin.com\/espectaculos\/diablo-viste-moda-2-vestuarista-molly-rogers-revelo-detalles-looks-miranda-priestly-andy-sachs-20-anos-popular-pelicula-meryl-streep-anne-hathaway_0_ozZWb8E5xA.html\" target=\"_blank\" title=\"mundo de la moda\">mundo de la moda<\/a> y los medios de comunicaci\u00f3n.<\/p>\n<\/div>\n<div>\n<p><strong>Meryl Streep<\/strong> retoma su ic\u00f3nico papel como Miranda Priestly, la imponente editora de <strong>Runway<\/strong>, en un contexto en el que la industria editorial atraviesa fuertes cambios. A su lado reaparece<strong> <a href=\"https:\/\/www.clarin.com\/espectaculos\/anne-hathaway-elegida-revista-people-mujer-bella-mundo_0_nYmdUECe99.html\" target=\"_blank\" title=\"Anne Hathaway\">Anne Hathaway<\/a><\/strong> como Andy Sachs, ahora una periodista mucho m\u00e1s segura que aquella asistente que apenas sobreviv\u00eda a su primer d\u00eda.<\/p>\n<\/div>\n<div>\n<p>El tri\u00e1ngulo se completa con Emily Blunt, que vuelve como la perfeccionista <strong>Emily Charlton<\/strong>, pero ya no como la asistente exigente, sino una figura clave dentro de una poderosa marca de lujo. Stanley Tucci tambi\u00e9n regresa como <strong>Nigel<\/strong>, el carism\u00e1tico director de arte de la revista que form\u00f3 parte del elenco original. <\/p>\n<\/div>\n<div>\n<p>Como no podr\u00eda ser de otra manera, la <strong>historia transcurre en las calles de Nueva York<\/strong> y tambi\u00e9n en escenarios so\u00f1ados como Mil\u00e1n y el exclusivo Lago de Como. <\/p>\n<\/div>\n<div>\n<p>Con una duraci\u00f3n de dos horas, la <a href=\"https:\/\/www.clarin.com\/espectaculos\/historia-real-secretaria-inspiro-pelicula-diablo-viste-moda_0_JEJzZUQ0Nl.html\" target=\"_blank\" title=\"pel\u00edcula \">pel\u00edcula <\/a>propone un nuevo choque de egos, estilos y generaciones. Andy vuelve a cruzarse con Miranda en su oficina, esta vez en igualdad de condiciones, mientras ambas se enfrentan a una Emily m\u00e1s poderosa que nunca.<\/p>\n<\/div>\n<div>\n<p><strong><em>El Diablo Viste a la Moda 2<\/em><\/strong> se estrena oficialmente en los cines de todo el pa\u00eds este jueves 30 de abril. Este mi\u00e9rcoles fue el preestreno y se proyect\u00f3 tres veces en Malba, donde tuvo lugar la <em>avant premiere. <\/em>En cuanto a los <strong>cines en los que se podr\u00e1 ver la pel\u00edcula<\/strong> figuran la cadena Cinemark la pel\u00edcula protagonizada por Miranda y Andy se podr\u00e1 ver en las siguientes sedes y formatos:<\/p>\n<\/div>\n<div>\n<p>Los <strong>horarios var\u00edan seg\u00fan el d\u00eda y la sede. <\/strong>En general, las funciones comienzan desde las 13 y hasta cerca de las 23, con posibles horarios extendidos durante los fines de semana. <\/p>\n<\/div>\n<div>\n<p>El estreno gener\u00f3 un fuerte inter\u00e9s y<strong> se espera una alta concurrencia en las salas<\/strong>: en promedio, hay <strong>alrededor de ocho funciones programadas por d\u00eda.<\/strong> Las entradas generales rondan los $16.000, y tambi\u00e9n hay promociones de 2&#215;1 y descuentos de hasta el 50% en d\u00edas espec\u00edficos.<\/p>\n<\/div>\n<div>\n<p>La pel\u00edcula tambi\u00e9n se proyecta en la cadena Showcase, con sedes en Haedo, C\u00f3rdoba, Norcenter, Belgrano, Quilmes, Rosario y Villa Allende, donde se programan entre siete y ocho funciones diarias. En Multiplex, en tanto, est\u00e1 disponible en Belgrano, Canning, Lavalle, Pilar y San Juan.<\/p>\n<\/div>\n<div>\n<p>Por otro lado, en Cin\u00e9polis, se puede ver en las siguientes sedes: Recoleta, Houssay (Facultad de Medicina), Pilar, Merlo, Avellaneda, Luj\u00e1n, Rosario, Mendoza Shopping, Arena Maip\u00fa y Neuqu\u00e9n. En Cines Atlas, la pel\u00edcula se proyecta en los complejos de Caballito, Cat\u00e1n, Alcorta, Patio Bullrich, Nordelta, Flores y Liniers. <\/p>\n<\/div>\n<div>\n<p>La pel\u00edcula original de <strong><em><a href=\"https:\/\/www.clarin.com\/espectaculos\/secretos-esconden-libros-diablo-viste-moda-vale-pena-leerlos_0_nzZGZ5TIig.html\" target=\"_blank\" title=\"El Diablo Viste a la Moda\">El Diablo Viste a la Moda<\/a><\/em> <\/strong>cierra con una decisi\u00f3n clave en la vida de Andy. A pesar de su crecimiento dentro de la revista Runway, e incluso de ser elegida para acompa\u00f1ar a Miranda a la Semana de la Moda de Par\u00eds, decide renunciar de forma abrupta.<\/p>\n<\/div>\n<div>\n<p><strong>Andy deja atr\u00e1s ese mundo para retomar su objetivo inicial<\/strong>: convertirse en periodista. Mientras tanto, el entorno de Miranda Priestly sigue su curso sin ella. En la nueva secuela, sin embargo, la editora necesitar\u00e1 de la ayuda de su exasistente para enfrentarse a nuevos rivales y mantenerse en lo m\u00e1s alto de la industria.<\/p>\n<\/div>\n<div>\n<p>Para quienes quieran volver a verla o ponerse al d\u00eda antes del estreno, la pel\u00edcula original est\u00e1 disponible en <strong>Disney+.<\/strong><\/p>\n<\/div>\n<p><strong><a href=\"https:\/\/blockads.fivefilters.org\/\">Adblock test<\/a><\/strong> <a href=\"https:\/\/blockads.fivefilters.org\/acceptable.html\">(Why?)<\/a><\/p>\n<p>\u200b\u00a0\u00a0<\/p>","protected":false},"excerpt":{"rendered":"<p>La secuela de El Diablo viste a la moda llega a la pantalla grande este&#8230;<\/p>\n","protected":false},"author":1,"featured_media":23475,"comment_status":"closed","ping_status":"closed","sticky":false,"template":"","format":"standard","meta":{"footnotes":""},"categories":[5],"tags":[],"class_list":["post-23474","post","type-post","status-publish","format-standard","has-post-thumbnail","hentry","category-espectaculos"],"aioseo_notices":[],"_links":{"self":[{"href":"https:\/\/infinitoradio.com\/index.php?rest_route=\/wp\/v2\/posts\/23474","targetHints":{"allow":["GET"]}}],"collection":[{"href":"https:\/\/infinitoradio.com\/index.php?rest_route=\/wp\/v2\/posts"}],"about":[{"href":"https:\/\/infinitoradio.com\/index.php?rest_route=\/wp\/v2\/types\/post"}],"author":[{"embeddable":true,"href":"https:\/\/infinitoradio.com\/index.php?rest_route=\/wp\/v2\/users\/1"}],"replies":[{"embeddable":true,"href":"https:\/\/infinitoradio.com\/index.php?rest_route=%2Fwp%2Fv2%2Fcomments&post=23474"}],"version-history":[{"count":0,"href":"https:\/\/infinitoradio.com\/index.php?rest_route=\/wp\/v2\/posts\/23474\/revisions"}],"wp:featuredmedia":[{"embeddable":true,"href":"https:\/\/infinitoradio.com\/index.php?rest_route=\/wp\/v2\/media\/23475"}],"wp:attachment":[{"href":"https:\/\/infinitoradio.com\/index.php?rest_route=%2Fwp%2Fv2%2Fmedia&parent=23474"}],"wp:term":[{"taxonomy":"category","embeddable":true,"href":"https:\/\/infinitoradio.com\/index.php?rest_route=%2Fwp%2Fv2%2Fcategories&post=23474"},{"taxonomy":"post_tag","embeddable":true,"href":"https:\/\/infinitoradio.com\/index.php?rest_route=%2Fwp%2Fv2%2Ftags&post=23474"}],"curies":[{"name":"wp","href":"https:\/\/api.w.org\/{rel}","templated":true}]}}