{"id":23464,"date":"2026-04-29T12:53:34","date_gmt":"2026-04-29T15:53:34","guid":{"rendered":"https:\/\/infinitoradio.com\/?p=23464"},"modified":"2026-04-29T12:53:34","modified_gmt":"2026-04-29T15:53:34","slug":"una-por-una-las-preguntas-clave-que-respondio-manuel-adorni-antes-de-su-presentacion-en-el-congreso","status":"publish","type":"post","link":"https:\/\/infinitoradio.com\/?p=23464","title":{"rendered":"Una por una, las preguntas clave que respondi\u00f3 Manuel Adorni antes de su presentaci\u00f3n en el Congreso"},"content":{"rendered":"<p>En la antesala de su presentaci\u00f3n en la C\u00e1mara de Diputados, <a href=\"https:\/\/www.lanacion.com.ar\/politica\/manuel-adorni-expone-en-el-congreso-todo-lo-que-hay-saber-nid29042026\/\" target=\"_blank\" rel=\"noreferrer\" title=\"https:\/\/www.lanacion.com.ar\/politica\/manuel-adorni-expone-en-el-congreso-todo-lo-que-hay-saber-nid29042026\/\"><b>Manuel Adorni<\/b><\/a><b> dej\u00f3 por escrito el tono que llevar\u00e1 al recinto<\/b>. En el informe de gesti\u00f3n N\u00b0145, de m\u00e1s de 1900 p\u00e1ginas, el jefe de Gabinete respondi\u00f3 a preguntas sobre su <b>patrimonio<\/b>, sus <b>viajes <\/b>y <b>distintas causas judiciales<\/b>.<\/p>\n<p>El documento dej\u00f3 ver cu\u00e1les ser\u00e1n los ejes de su defensa en el recinto: <b>limitar el alcance de ciertas preguntas<\/b>, <b>diferenciar su rol actual de su etapa como vocero presidencial <\/b>y sostener que <b>varios temas est\u00e1n bajo investigaci\u00f3n<\/b>, lo que -seg\u00fan plante\u00f3- impide brindar mayores detalles.<\/p>\n\n<h1>Patrimonio <\/h1>\n<p>Uno de los principales focos estuvo en su patrimonio. Legisladores le pidieron explicaciones por la <b>presunta omisi\u00f3n de bienes en su declaraci\u00f3n jurada<\/b>, como un inmueble en el <b>country Indio Cu\u00e1<\/b>, en Exaltaci\u00f3n de la Cruz -adquirido en noviembre de 2024-, y un <b>departamento en Caballito<\/b>, donde actualmente reside.<\/p>\n<p><img loading=\"lazy\" decoding=\"async\" src=\"https:\/\/resizer.glanacion.com\/resizer\/v2\/C35XWCYRGZAOLCEK2COXH4XBFA.JPG?auth=e7acd58e7dc774b745f4164811d25595dad14a709d5a85c9bdfc04f47367f98f&amp;smart=true&amp;width=2000&amp;height=1331\" alt=\"Organizaciones sociales marcharon hacia la casa que Manuel Adorni tiene en un country en Exaltaci\u00f3n de la Cruz \" height=\"1331\" width=\"2000\" \/><\/p>\n<p>Adorni evit\u00f3 precisiones y sostuvo que los bienes del grupo familiar est\u00e1n incluidos en un anexo reservado <b>\u201cde car\u00e1cter confidencial\u201d<\/b>, al que solo puede acceder la Justicia. De este modo, no explic\u00f3 ni la composici\u00f3n total de su patrimonio ni el origen de los fondos utilizados para las adquisiciones.<\/p>\n<p>\u201cLos bienes que componen el patrimonio de la c\u00f3nyuge o del grupo familiar del Jefe de Gabinete se incluyen en el Anexo Reservado del Formulario 1246 que obra ante la Oficina Anticorrupci\u00f3n y <b>contienen informaci\u00f3n confidencial de acuerdo con el r\u00e9gimen normativo vigente<\/b>. Solo frente a un requerimiento judicial, la Oficina Anticorrupci\u00f3n puede compartir ese anexo reservado y as\u00ed lo hizo ante la primera solicitud de la Fiscal\u00eda interviniente en el marco de la causa n\u00b01003\/2026\u2033, se\u00f1al\u00f3 Adorni sobre su patrimonio en el informe.<\/p>\n<p><img loading=\"lazy\" decoding=\"async\" src=\"https:\/\/resizer.glanacion.com\/resizer\/v2\/TNOG4BBNKJFCVKUHVOX2UNUQ5M.jpg?auth=14e09b39c8674f6bc33ec0ddc28ce53bfc31dffd91d8a8a7bf7d42ebd2099cdf&amp;smart=true&amp;width=2000&amp;height=1333\" alt=\"Departamento de Manuel Adorni en Caballito, donde actualmente reside\" height=\"1333\" width=\"2000\" \/><\/p>\n<h1>Vuelo a Punta del Este <\/h1>\n<p>Otra de las preguntas apunt\u00f3 al <b>viaje a Punta del Este durante el fin de semana de Carnaval de 2026<\/b>, realizado en un avi\u00f3n privado.<\/p>\n<p>El informe no aclar\u00f3 qui\u00e9n financi\u00f3 el traslado y lo encuadr\u00f3 como un asunto personal. Ante la contradicci\u00f3n entre la versi\u00f3n del funcionario -que asegur\u00f3 haber pagado- y la declaraci\u00f3n del piloto -que se\u00f1al\u00f3 al empresario Marcelo Grand\u00edo-, <b>la respuesta oficial se limit\u00f3 a indicar que el Estado \u201cno registra ning\u00fan pago de costos\u201d en traslados privados<\/b>.<\/p>\n<p>En su respuesta, Adorni sostuvo: <b>\u201cEl Estado Nacional no registra ning\u00fan pago de costos sobre los viajes personales del Jefe de Gabinete y es por eso que informo siempre el car\u00e1cter privado y propio de sus erogaciones\u201d<\/b>.<\/p>\n<figure><video height=\"1280\" width=\"720\" poster=\"https:\/\/cdn.jwplayer.com\/v2\/media\/8G0mUeDK\/poster.jpg?width=720\" preload=\"none\"><\/video><figcaption>El video que confirma el viaje de Adorni a Punta del Este en un avi\u00f3n privado<\/figcaption><\/figure>\n<h1>Relaci\u00f3n con empresarios: qu\u00e9 dijo sobre Grand\u00edo<\/h1>\n<p>Tambi\u00e9n se le consult\u00f3 por su v\u00ednculo con el empresario mencionado y la posible existencia de contratos con el Estado.<\/p>\n<p>Adorni neg\u00f3 que haya contrataciones entre Radio y Televisi\u00f3n Argentina (RTA) y Grand\u00edo y remiti\u00f3 a respuestas previas, sin aportar documentaci\u00f3n adicional que respalde esa afirmaci\u00f3n.<\/p>\n<p>Respecto a la pregunta 1655, el jefe de Gabinete respondi\u00f3: \u201cTal como surge de la informaci\u00f3n suministrada por RTA S.A.U. en la NO-2026- 30076480-APN-GRHC7#RTA, por la Oficina Nacional de Contrataciones y puesta a disposici\u00f3n a requerimiento judicial, e<b>l Sr. Marcelo Grand\u00edo no fue contratado por RTA S.A.U.\u201d<\/b>.<\/p>\n<p><img loading=\"lazy\" decoding=\"async\" src=\"https:\/\/resizer.glanacion.com\/resizer\/v2\/KWKHS6WFHVGIZCTIHGVBCT2YWI.jpg?auth=b7a44c3b6c447162f37506f83a7ff9a0c14573a57f0be64ff2b0d945fe762da3&amp;smart=true&amp;width=1170&amp;height=779\" alt=\"Marcelo Grand\u00edo y Manuel Adorni\" height=\"779\" width=\"1170\" \/><\/p>\n<h1>L\u00edmites: cu\u00e1les fueron los temas sobre los que no contest\u00f3 <\/h1>\n<p>El jefe de Gabinete plante\u00f3 un criterio general. Sostuvo que <b>los hechos vinculados a su etapa como vocero presidencial no corresponden a su funci\u00f3n actual <\/b>y, por lo tanto, no deben ser respondidos en el marco del informe de gesti\u00f3n.<\/p>\n<p><b>\u201cRespecto de las preguntas que indagan sobre la conducta personal del actual Jefe de Gabinete de Ministros en su car\u00e1cter de exvocero presidencial <\/b>-incluyendo su eventual presencia en la Quinta de Olivos la noche del 14 de febrero, sus comunicaciones con otros funcionarios o su participaci\u00f3n en reuniones con los empresarios involucrados-, <b>cabe se\u00f1alar que dichas preguntas no se encuadran en las funciones y deberes propios del Jefe de Gabinete de Ministros<\/b> establecidos en el art\u00edculo 100 de la Constituci\u00f3n Nacional\u201d.<\/p>\n\n<h1>Caso $LIBRA <\/h1>\n<p>Sobre la causa vinculada a la<b> criptomoneda $LIBRA<\/b>, el funcionario justific\u00f3 la falta de precisiones en la existencia de una investigaci\u00f3n judicial en curso.<\/p>\n<p>\u201cComo consideraci\u00f3n preliminar de car\u00e1cter general, la Jefatura de Gabinete de Ministros informa que <b>los hechos vinculados al lanzamiento del criptoactivo $LIBRA son objeto de una investigaci\u00f3n judicial en curso<\/b>, radicada bajo la Causa N\u00b0574\/2025 y acumuladas, en tr\u00e1mite por ante el Juzgado Criminal y Correccional N\u00b08, con intervenci\u00f3n de la Fiscal\u00eda Federal N\u00b03 (la cual tramit\u00f3 previamente ante su hom\u00f3logo N\u00b01).<b> Ello implica que una porci\u00f3n significativa de la informaci\u00f3n requerida se encuentra bajo la \u00f3rbita exclusiva del Poder Judicial<\/b>, y que su divulgaci\u00f3n por parte del Poder Ejecutivo podr\u00eda comprometer la integridad de la investigaci\u00f3n y los derechos de las personas involucradas\u201d, respondi\u00f3.<\/p>\n<p>Adem\u00e1s, relativiz\u00f3: \u201cSe se\u00f1ala adem\u00e1s que, <b>varias preguntas se fundan exclusivamente en informaciones period\u00edsticas derivadas de supuestas filtraciones parciales del expediente judicial, cuya autenticidad, integridad y contexto no han sido verificados\u201d<\/b>.<\/p>\n<p><img loading=\"lazy\" decoding=\"async\" src=\"https:\/\/resizer.glanacion.com\/resizer\/v2\/4PVR3CCZEFDI5EMB25QMJDSEU4.jpeg?auth=dc8220c789a62ade4905e97ec7d2cd3fa090fe93cb8f96f918c45344cfba7942&amp;smart=true&amp;width=1015&amp;height=677\" alt=\"Milei, en la Casa Rosada, con Hayden Mark Davis \" height=\"677\" width=\"1015\" \/><\/p>\n<h1>Discapacidad <\/h1>\n<p>Frente a las acusaciones de sobreprecios y fraude en la <b>Agencia Nacional de Discapacidad<\/b>, Adorni utiliz\u00f3 una estrategia similar.<\/p>\n<p>\u201cEl Ministerio de Salud informa que, al respecto de las situaciones que derivaron en la Intervenci\u00f3n del organismo elabor\u00f3 el Informe Final de Intervenci\u00f3n de la ex Agencia Nacional de Discapacidad, que obra como considerando en el Decreto N\u00b0942\/25. En consonancia con eso, <b>los hallazgos fueron y siguen siendo remitidos al Juzgado Criminal y Correccional Federal N\u00b011<\/b>, y a la Fiscal\u00eda Nacional en lo Criminal y Correccional Federal N\u00b05 del Dr. Picardi, donde <b>se encuentra en tr\u00e1mite la causa judicial en el marco de la cual los hechos denunciados est\u00e1n bajo investigaci\u00f3n\u201d<\/b>, concluy\u00f3.<\/p>\n<p>\u200bSe trata de un documento de 1936 p\u00e1ginas que envi\u00f3 previo a su exposici\u00f3n en Diputados; el jefe de Gabinete delimit\u00f3 el alcance de las consultas por \u201ccompetencia institucional\u201d y ausencia de registros\u00a0\u00a0LA NACION<\/p>","protected":false},"excerpt":{"rendered":"<p>En la antesala de su presentaci\u00f3n en la C\u00e1mara de Diputados, Manuel Adorni dej\u00f3 por&#8230;<\/p>\n","protected":false},"author":1,"featured_media":23465,"comment_status":"closed","ping_status":"closed","sticky":false,"template":"","format":"standard","meta":{"footnotes":""},"categories":[2],"tags":[],"class_list":["post-23464","post","type-post","status-publish","format-standard","has-post-thumbnail","hentry","category-nacionales"],"aioseo_notices":[],"_links":{"self":[{"href":"https:\/\/infinitoradio.com\/index.php?rest_route=\/wp\/v2\/posts\/23464","targetHints":{"allow":["GET"]}}],"collection":[{"href":"https:\/\/infinitoradio.com\/index.php?rest_route=\/wp\/v2\/posts"}],"about":[{"href":"https:\/\/infinitoradio.com\/index.php?rest_route=\/wp\/v2\/types\/post"}],"author":[{"embeddable":true,"href":"https:\/\/infinitoradio.com\/index.php?rest_route=\/wp\/v2\/users\/1"}],"replies":[{"embeddable":true,"href":"https:\/\/infinitoradio.com\/index.php?rest_route=%2Fwp%2Fv2%2Fcomments&post=23464"}],"version-history":[{"count":0,"href":"https:\/\/infinitoradio.com\/index.php?rest_route=\/wp\/v2\/posts\/23464\/revisions"}],"wp:featuredmedia":[{"embeddable":true,"href":"https:\/\/infinitoradio.com\/index.php?rest_route=\/wp\/v2\/media\/23465"}],"wp:attachment":[{"href":"https:\/\/infinitoradio.com\/index.php?rest_route=%2Fwp%2Fv2%2Fmedia&parent=23464"}],"wp:term":[{"taxonomy":"category","embeddable":true,"href":"https:\/\/infinitoradio.com\/index.php?rest_route=%2Fwp%2Fv2%2Fcategories&post=23464"},{"taxonomy":"post_tag","embeddable":true,"href":"https:\/\/infinitoradio.com\/index.php?rest_route=%2Fwp%2Fv2%2Ftags&post=23464"}],"curies":[{"name":"wp","href":"https:\/\/api.w.org\/{rel}","templated":true}]}}