{"id":23440,"date":"2026-04-29T00:53:12","date_gmt":"2026-04-29T03:53:12","guid":{"rendered":"https:\/\/infinitoradio.com\/?p=23440"},"modified":"2026-04-29T00:53:12","modified_gmt":"2026-04-29T03:53:12","slug":"manuel-adorni-en-el-congreso-en-vivo-la-exposicion-en-diputados-minuto-a-minuto","status":"publish","type":"post","link":"https:\/\/infinitoradio.com\/?p=23440","title":{"rendered":"Manuel Adorni en el Congreso, en vivo: la exposici\u00f3n en Diputados, minuto a minuto"},"content":{"rendered":"<p>\u201cNo hay mucho de qu\u00e9 hablar. El sabe perfecto lo que pienso\u201d. El comentario sali\u00f3, seg\u00fan cuentan muy cerca de <b>Mauricio Macri<\/b>, de boca del expresidente, y explica el desencuentro con el presidente <b>Javier Milei<\/b>. Anoche, en la cena de la Fundaci\u00f3n Libertad, ambos tomaron recaudos para <a href=\"https:\/\/www.lanacion.com.ar\/politica\/milei-y-macri-vuelven-a-compartir-un-ambito-politico-luego-de-seis-meses-en-la-cena-de-la-fundacion-nid27042026\/\" rel=\"\" title=\"https:\/\/www.lanacion.com.ar\/politica\/milei-y-macri-vuelven-a-compartir-un-ambito-politico-luego-de-seis-meses-en-la-cena-de-la-fundacion-nid27042026\/\">no cruzarse<\/a>, evidenciando una tensi\u00f3n que lleva meses y parece lejos de resolverse. Por el contrario: desde ambos b\u00fankeres aseguran que la puja, mitad p\u00fablica, mitad discreta, tendr\u00e1 nuevos escenarios, en el Congreso y fuera de \u00e9l, en las pr\u00f3ximas semanas.<\/p>\n<p><img loading=\"lazy\" decoding=\"async\" src=\"https:\/\/resizer.glanacion.com\/resizer\/v2\/565Y3DCGOBFAXPK6D6J6W75JOA.JPG?auth=9c0af3627e0058d322a6715597ade396aadb572f37b3774b8875c6785b5bdf0c&amp;smart=true&amp;width=2000&amp;height=1333\" alt=\"Javier Milei y Mauricio Macri \" height=\"1333\" width=\"2000\" \/><\/p>\n<p>Aquel encuentro en Olivos, milanesas mediante, en el que Macri le expres\u00f3 de modo directo al Presidente sus <a href=\"https:\/\/www.lanacion.com.ar\/politica\/tristeza-y-desilusion-mauricio-macri-se-fue-disgustado-de-olivos-por-los-cambios-en-el-gabinete-y-se-nid01112025\/\" rel=\"\" title=\"https:\/\/www.lanacion.com.ar\/politica\/tristeza-y-desilusion-mauricio-macri-se-fue-disgustado-de-olivos-por-los-cambios-en-el-gabinete-y-se-nid01112025\/\">reparos <\/a>hacia la elecci\u00f3n de <b>Manuel Adorni<\/b> como jefe de gabinete en reemplazo de <b>Guillermo Francos<\/b>, fue el \u00faltimo contacto. \u201cNo volvieron ni siquiera a chatear\u201d, afirmaron desde el macrismo. \u201cEntre ellos, nada de nada\u201d, describi\u00f3 un alto funcionario nacional desde la Casa Rosada, cerrada por cuarto d\u00eda h\u00e1bil para los periodistas acreditados.<\/p>\n<p>La Justicia recibi\u00f3 nueva informaci\u00f3n sobre los gastos de la familia de <a href=\"https:\/\/www.lanacion.com.ar\/politica\/manuel-adorni-se-enfrenta-al-interrogatorio-de-diputados-con-el-apoyo-de-milei-y-la-militancia-nid28042026\/\" rel=\"\" title=\"https:\/\/www.lanacion.com.ar\/politica\/manuel-adorni-se-enfrenta-al-interrogatorio-de-diputados-con-el-apoyo-de-milei-y-la-militancia-nid28042026\/\"><b>Manuel Adorni<\/b><\/a><b> <\/b>en el marco de la causa que investiga al jefe de Gabinete por presunto enriquecimiento il\u00edcito. Su pareja, <b>Bettina Angeletti<\/b>, gast\u00f3 alrededor de<b> 6000 d\u00f3lares en efectivo <\/b>en un viaje realizado a Espa\u00f1a, en septiembre del a\u00f1o pasado, seg\u00fan fuentes de los tribunales.<\/p>\n<p><img loading=\"lazy\" decoding=\"async\" src=\"https:\/\/resizer.glanacion.com\/resizer\/v2\/OMCGZAZP3BFUJJIFVOYPEQ3ZZQ.png?auth=57e589a8374415c6e986a3ddb29c38a80edd9e2cd2dffe206a54c7ad89b76137&amp;smart=true&amp;width=2000&amp;height=1333\" alt=\"Manuel Adorni justific\u00f3 el viaje de su esposa junto a la comitiva oficial\" height=\"1333\" width=\"2000\" \/><\/p>\n<p>El monto es la suma aproximada del costo de los pasajes y la estad\u00eda en el pa\u00eds ib\u00e9rico, y se a\u00f1ade a la lista de gastos que el fiscal <b>Gerardo Pollicita <\/b>elabora en busca de determinar si el estilo de vida del funcionario se corresponde o no con sus ingresos.<\/p>\n<p>Con el respaldo expl\u00edcito del Presidente, <b>Karina Milei<\/b> y buena parte del Gabinete,<b> Manuel Adorni<\/b> se enfrentar\u00e1 este mi\u00e9rcoles a un extenso interrogatorio en Diputados. El informe de gesti\u00f3n, que en condiciones normales es un tr\u00e1mite institucional, estar\u00e1 marcado por <a href=\"https:\/\/www.lanacion.com.ar\/politica\/la-justicia-investiga-la-refaccion-integral-del-departamento-de-adorni-en-caballito-cocina-banos-y-nid15042026\/\" rel=\"\" title=\"https:\/\/www.lanacion.com.ar\/politica\/la-justicia-investiga-la-refaccion-integral-del-departamento-de-adorni-en-caballito-cocina-banos-y-nid15042026\/\">la<b> <\/b>investigaci\u00f3n judicial <\/a>en curso por su presunto crecimiento patrimonial y por la estrategia opositora para exponerlo.<\/p>\n<p>La sesi\u00f3n est\u00e1 convocada para las 10.30. En ella, habr\u00e1 una se\u00f1al pol\u00edtica insoslayable: el oficialismo convertir\u00e1 el recinto en una demostraci\u00f3n de respaldo. Estar\u00e1n presentes <b>Javier Milei<\/b>, la secretaria General de la Presidencia, la mayor\u00eda de los ministros, dirigentes provinciales, algunos senadores y militantes en los palcos. La escena tambi\u00e9n funcionar\u00e1 como un test interno: las ausencias dentro del oficialismo ser\u00e1n seguidas con atenci\u00f3n.<\/p>\n<p>\u200bEl Jefe de Gabinete se presenta desde las 10.30 en la C\u00e1mara baja; expectativa por su informe en medio de la investigaci\u00f3n sobre su patrimonio\u00a0\u00a0LA NACION<\/p>","protected":false},"excerpt":{"rendered":"<p>\u201cNo hay mucho de qu\u00e9 hablar. El sabe perfecto lo que pienso\u201d. El comentario sali\u00f3,&#8230;<\/p>\n","protected":false},"author":1,"featured_media":23441,"comment_status":"closed","ping_status":"closed","sticky":false,"template":"","format":"standard","meta":{"footnotes":""},"categories":[2],"tags":[],"class_list":["post-23440","post","type-post","status-publish","format-standard","has-post-thumbnail","hentry","category-nacionales"],"aioseo_notices":[],"_links":{"self":[{"href":"https:\/\/infinitoradio.com\/index.php?rest_route=\/wp\/v2\/posts\/23440","targetHints":{"allow":["GET"]}}],"collection":[{"href":"https:\/\/infinitoradio.com\/index.php?rest_route=\/wp\/v2\/posts"}],"about":[{"href":"https:\/\/infinitoradio.com\/index.php?rest_route=\/wp\/v2\/types\/post"}],"author":[{"embeddable":true,"href":"https:\/\/infinitoradio.com\/index.php?rest_route=\/wp\/v2\/users\/1"}],"replies":[{"embeddable":true,"href":"https:\/\/infinitoradio.com\/index.php?rest_route=%2Fwp%2Fv2%2Fcomments&post=23440"}],"version-history":[{"count":0,"href":"https:\/\/infinitoradio.com\/index.php?rest_route=\/wp\/v2\/posts\/23440\/revisions"}],"wp:featuredmedia":[{"embeddable":true,"href":"https:\/\/infinitoradio.com\/index.php?rest_route=\/wp\/v2\/media\/23441"}],"wp:attachment":[{"href":"https:\/\/infinitoradio.com\/index.php?rest_route=%2Fwp%2Fv2%2Fmedia&parent=23440"}],"wp:term":[{"taxonomy":"category","embeddable":true,"href":"https:\/\/infinitoradio.com\/index.php?rest_route=%2Fwp%2Fv2%2Fcategories&post=23440"},{"taxonomy":"post_tag","embeddable":true,"href":"https:\/\/infinitoradio.com\/index.php?rest_route=%2Fwp%2Fv2%2Ftags&post=23440"}],"curies":[{"name":"wp","href":"https:\/\/api.w.org\/{rel}","templated":true}]}}