{"id":23438,"date":"2026-04-29T00:53:11","date_gmt":"2026-04-29T03:53:11","guid":{"rendered":"https:\/\/infinitoradio.com\/?p=23438"},"modified":"2026-04-29T00:53:11","modified_gmt":"2026-04-29T03:53:11","slug":"rescataron-a-17-menores-de-un-taller-textil-clandestino-que-operaba-en-una-casa-usurpada-en-parque-chas","status":"publish","type":"post","link":"https:\/\/infinitoradio.com\/?p=23438","title":{"rendered":"Rescataron a 17 menores de un taller textil clandestino que operaba en una casa usurpada en Parque Chas"},"content":{"rendered":"<p>La<b> Polic\u00eda de la ciudad de Buenos Aires<\/b> rescat\u00f3 a 17 menores que trabajaban en un <b>taller textil clandestino<\/b> dentro de una casa en <b>Parque Chas<\/b>. La vivienda estaba <a href=\"https:\/\/www.lanacion.com.ar\/politica\/el-gobierno-porteno-desaloja-un-predio-en-la-paternal-ocupado-por-mas-de-100-personas-nid23042026\/\" target=\"_blank\" rel=\"noreferrer\" title=\"https:\/\/www.lanacion.com.ar\/politica\/el-gobierno-porteno-desaloja-un-predio-en-la-paternal-ocupado-por-mas-de-100-personas-nid23042026\/\">usurpada <\/a>desde hace 15 a\u00f1os y la operaci\u00f3n era liderada por un hombre de nacionalidad boliviana que fue detenido.<\/p>\n<p>El taller clandestino estaba ubicado en la calle <b>Barzana 1236<\/b>, a una cuadra y media de la avenida <b>De los Constituyentes.<\/b> Seg\u00fan pudo saber <b>LA NACION<\/b>, los polic\u00edas del operativo tuvieron que ingresar al domicilio por la fuerza porque algunos de los ocupantes se negaron a abrir la puerta. \u201cEn la planta baja hab\u00edan montado un taller textil clandestino y en la terraza construyeron viviendas precarias sin permiso de obra\u201d, se\u00f1alaron fuentes del gobierno porte\u00f1o.<\/p>\n<p>Autoridades del Consejo de los Derechos de Ni\u00f1as, Ni\u00f1os y Adolescentes comprobaron que hab\u00eda menores que trabajaban en el lugar y se dio intervenci\u00f3n a la Direcci\u00f3n de Migraciones. De esta manera result\u00f3 que all\u00ed viv\u00eda un inmigrante boliviano que ten\u00eda orden de detenci\u00f3n por pedido del Juzgado Nacional Contencioso Administrativo Federal 7, a cargo de Lara Correa. Le hab\u00edan cancelado la residencia a fines de 2022. <\/p>\n<p><img loading=\"lazy\" decoding=\"async\" src=\"https:\/\/resizer.glanacion.com\/resizer\/v2\/BHEALL2KQJC5NGBHJCOI2HNS5M.jpeg?auth=db14a681c74527bb392f6d9894382b7beae0cd7c3b1d446f80228fa6eebc2612&amp;smart=true&amp;width=1280&amp;height=853\" alt=\"El domicilio ubicado en la calle Barzana 1236 fue clausurado\" height=\"853\" width=\"1280\" \/><\/p>\n<p>El operativo de desalojo fue ordenado por la Unidad de Flagrancia Norte a cargo de la fiscal Mar\u00eda Andrea Caleri, ya que el lugar <b>ten\u00eda una clausura por riesgo edilicio de la Agencia Gubernamental de Control<\/b> (AGC). <\/p>\n<p>El jefe de Gobierno porte\u00f1o, Jorge Macri, se expres\u00f3 en redes sociales y se\u00f1al\u00f3: \u201cEsto es lo que protegen los defensores de okupas\u201d. &#8220;<b>Una casa usurpada por 15 a\u00f1os y adentro 17 menores explotados por extranjeros en un taller textil clandestino<\/b>. Rescatamos a los chicos y el inmigrante ilegal ser\u00e1 expulsado del pa\u00eds. Ley y orden\u201c, sostuvo.<\/p>\n<p>En ese sentido, advirti\u00f3: \u201cEn torno a una vivienda ocupada ocurren muchas cosas malas. Hay narcomenudeo, mucho delito que se oculta. Lo que arranca mal termina peor. Est\u00e1 el que sale y roba, o aprieta como trapito; hay derechos de ni\u00f1os vulnerados, hay trata. Y hay gente buena que paga un alquiler de buena fe por un lugar invivible. Si alguien cree que eso es libertad, no entendi\u00f3 nada\u201d.<\/p>\n<p><img loading=\"lazy\" decoding=\"async\" src=\"https:\/\/resizer.glanacion.com\/resizer\/v2\/MZEWASNZVJHMJIFIWCCJMGTGCY.jpeg?auth=9251792a046bc6d91c57fdea177b18245d500d8155a454c781c4518279358ac6&amp;smart=true&amp;width=1003&amp;height=615\" alt=\"Un inmigrante ilegal de origen boliviano lideraba la operaci\u00f3n y fue detenido\" height=\"615\" width=\"1003\" \/><\/p>\n<p>En el \u00faltimo tiempo se recuperaron 740 casas usurpados y se desalojaron exhoteles tomados donde se vend\u00edan drogas y se refugiaban tratantes de personas en los barrios de Constituci\u00f3n, San Telmo y Flores. <\/p>\n<p>Cabe se\u00f1alar que en las \u00faltimos d\u00edas, la <b>Polic\u00eda de la Ciudad<\/b> llev\u00f3 a cabo un desalojo en el barrio porte\u00f1o de <b>La Paternal<\/b>, de <a href=\"https:\/\/www.lanacion.com.ar\/sociedad\/el-gobierno-desaloja-a-los-empleados-del-hotel-de-chapadmalal-y-se-desprende-de-un-emblema-del-nid17042026\/\" rel=\"\" title=\"https:\/\/www.lanacion.com.ar\/sociedad\/el-gobierno-desaloja-a-los-empleados-del-hotel-de-chapadmalal-y-se-desprende-de-un-emblema-del-nid17042026\/\"><b>un predio ocupado por m\u00e1s de 100 personas<\/b><\/a>. <\/p>\n<p>El terreno, ubicado en la esquina de las calles San Blas y Andr\u00e9s Lamas, posee <b>cinco propiedades horizontales<\/b> en donde viv\u00eda varias familias. En el proceso, al menos tres personas fueron detenidas por atentado y resistencia a la autoridades, seg\u00fan confirmaron a <b>LA NACION <\/b>fuentes cercanas al Gobierno porte\u00f1o.<\/p>\n<p>Este conflicto comenz\u00f3 en 1998, cuando la due\u00f1a dej\u00f3 a cargo del inmueble a una mujer y, cuando regres\u00f3 a\u00f1os despu\u00e9s, se encontr\u00f3 con que m\u00e1s personas viv\u00edan en el lugar.<\/p>\n<p>A partir de este momento, se dio una puja legal en la que los ocupantes ilegales acumularon una serie de <b>denuncias y antecedentes<\/b>, e incluso algunos est\u00e1n imputados y tienen sumarios. Uno de ellos, incluso, ser\u00eda <b>delegado de la Asociaci\u00f3n Trabajadores del Estado<\/b> (ATE), seg\u00fan consignaron fuentes de Seguridad porte\u00f1as a <b>LA NACION<\/b>.<\/p>\n<p>\u200bEl domicilio estaba ocupado desde hac\u00eda 15 a\u00f1os; la operaci\u00f3n era liderada por un hombre de nacionalidad boliviana, que qued\u00f3 detenido\u00a0\u00a0LA NACION<\/p>","protected":false},"excerpt":{"rendered":"<p>La Polic\u00eda de la ciudad de Buenos Aires rescat\u00f3 a 17 menores que trabajaban en&#8230;<\/p>\n","protected":false},"author":1,"featured_media":23439,"comment_status":"closed","ping_status":"closed","sticky":false,"template":"","format":"standard","meta":{"footnotes":""},"categories":[2],"tags":[],"class_list":["post-23438","post","type-post","status-publish","format-standard","has-post-thumbnail","hentry","category-nacionales"],"aioseo_notices":[],"_links":{"self":[{"href":"https:\/\/infinitoradio.com\/index.php?rest_route=\/wp\/v2\/posts\/23438","targetHints":{"allow":["GET"]}}],"collection":[{"href":"https:\/\/infinitoradio.com\/index.php?rest_route=\/wp\/v2\/posts"}],"about":[{"href":"https:\/\/infinitoradio.com\/index.php?rest_route=\/wp\/v2\/types\/post"}],"author":[{"embeddable":true,"href":"https:\/\/infinitoradio.com\/index.php?rest_route=\/wp\/v2\/users\/1"}],"replies":[{"embeddable":true,"href":"https:\/\/infinitoradio.com\/index.php?rest_route=%2Fwp%2Fv2%2Fcomments&post=23438"}],"version-history":[{"count":0,"href":"https:\/\/infinitoradio.com\/index.php?rest_route=\/wp\/v2\/posts\/23438\/revisions"}],"wp:featuredmedia":[{"embeddable":true,"href":"https:\/\/infinitoradio.com\/index.php?rest_route=\/wp\/v2\/media\/23439"}],"wp:attachment":[{"href":"https:\/\/infinitoradio.com\/index.php?rest_route=%2Fwp%2Fv2%2Fmedia&parent=23438"}],"wp:term":[{"taxonomy":"category","embeddable":true,"href":"https:\/\/infinitoradio.com\/index.php?rest_route=%2Fwp%2Fv2%2Fcategories&post=23438"},{"taxonomy":"post_tag","embeddable":true,"href":"https:\/\/infinitoradio.com\/index.php?rest_route=%2Fwp%2Fv2%2Ftags&post=23438"}],"curies":[{"name":"wp","href":"https:\/\/api.w.org\/{rel}","templated":true}]}}