{"id":23432,"date":"2026-04-28T23:14:50","date_gmt":"2026-04-29T02:14:50","guid":{"rendered":"https:\/\/infinitoradio.com\/?p=23432"},"modified":"2026-04-28T23:14:50","modified_gmt":"2026-04-29T02:14:50","slug":"el-cuidado-de-los-ojos-cuando-los-parpados-fallan-afectan-directamente-la-vision","status":"publish","type":"post","link":"https:\/\/infinitoradio.com\/?p=23432","title":{"rendered":"El cuidado de los ojos: \u201cCuando los p\u00e1rpados fallan, afectan directamente la visi\u00f3n\u201d\u200b"},"content":{"rendered":"<p>la m\u00e9dica oftalm\u00f3loga especializada en cirug\u00eda pl\u00e1stica ocular, Marianela Dorronsoro (MP118.667), advirti\u00f3 sobre los problemas visuales que pueden generar las alteraciones en los p\u00e1rpados, una condici\u00f3n que muchas veces se subestima por considerarse solo est\u00e9tica. La profesional explic\u00f3 que estas afecciones pueden impactar de manera directa en la salud ocular y en la calidad de vida de los pacientes.<\/p>\n<p>\u201cLa gente piensa que los p\u00e1rpados son solo la piel que rodea el ojo, pero cumplen una funci\u00f3n clave de protecci\u00f3n ocular\u201d, se\u00f1al\u00f3. En ese sentido, indic\u00f3 que cuando est\u00e1n mal posicionados, esa funci\u00f3n se pierde y aparecen s\u00edntomas como irritaci\u00f3n, lagrimeo y sensaci\u00f3n de arenilla.<\/p>\n<p>Dorronsoro detall\u00f3 que existen distintos cuadros. \u201cCuando el p\u00e1rpado se va hacia adentro, las pesta\u00f1as rozan el globo ocular, y cuando se va hacia afuera, el ojo queda expuesto\u201d, explic\u00f3. Seg\u00fan precis\u00f3, ese contacto puede incluso provocar lesiones en la c\u00f3rnea, por lo que \u201cya no son problemas est\u00e9ticos porque afectan directamente la salud ocular\u201d.<\/p>\n<p>La especialista tambi\u00e9n se refiri\u00f3 a los casos en los que el p\u00e1rpado superior cae y limita la visi\u00f3n. \u201cCuando ocluye el eje visual o hay exceso de piel que apoya sobre las pesta\u00f1as, interfiere con el campo visual superior y lateral\u201d, afirm\u00f3. En esos casos, los pacientes suelen levantar las cejas para ver mejor, lo que genera cansancio y molestias.<\/p>\n<p>En cuanto al tratamiento, indic\u00f3 que se trata de procedimientos habituales. \u201cSon cirug\u00edas que se realizan en quir\u00f3fano con anestesia local y sedaci\u00f3n, donde se corrige la posici\u00f3n del p\u00e1rpado o se retira el exceso de piel\u201d, explic\u00f3. Adem\u00e1s, remarc\u00f3 que el objetivo no es solo est\u00e9tico, sino preservar la funci\u00f3n y la anatom\u00eda del ojo.<\/p>\n<p>Finalmente, Dorronsoro sostuvo que muchos casos est\u00e1n vinculados al envejecimiento y no pueden prevenirse. Sin embargo, recomend\u00f3 consultar ante s\u00edntomas persistentes. \u201cCuando hay irritaci\u00f3n cr\u00f3nica, ojos rojos o sensaci\u00f3n de arenilla que no mejora, hay que evaluar la funci\u00f3n de los p\u00e1rpados\u201d, concluy\u00f3.<\/p>\n<figure class=\"wp-block-embed is-type-video is-provider-youtube wp-block-embed-youtube wp-embed-aspect-16-9 wp-has-aspect-ratio\">\n<div class=\"wp-block-embed__wrapper\">\n<div class=\"epyt-video-wrapper\">\n<div data-origwidth=\"800\" data-origheight=\"450\" data-facadesrc=\"https:\/\/www.youtube.com\/embed\/veC4E6OTVrk?enablejsapi=1&amp;autoplay=0&amp;cc_load_policy=1&amp;cc_lang_pref=es&amp;iv_load_policy=3&amp;loop=0&amp;modestbranding=1&amp;rel=0&amp;fs=1&amp;playsinline=0&amp;autohide=2&amp;hl=es_ES&amp;theme=dark&amp;color=red&amp;controls=1&amp;\" class=\"__youtube_prefs__ epyt-facade epyt-is-override  no-lazyload\" data-epautoplay=\"1\"><img decoding=\"async\" data-spai-excluded=\"true\" class=\"epyt-facade-poster skip-lazy\" loading=\"lazy\" alt=\"Cuando los pa\u0301rpados provocan problemas en la visio\u0301n\" src=\"https:\/\/i.ytimg.com\/vi\/veC4E6OTVrk\/maxresdefault.jpg\" \/><button class=\"epyt-facade-play\" aria-label=\"Play\"><\/button><\/div>\n<\/div>\n<\/div>\n<\/figure>\n<p><strong><a href=\"https:\/\/blockads.fivefilters.org\/\">Adblock test<\/a><\/strong> <a href=\"https:\/\/blockads.fivefilters.org\/acceptable.html\">(Why?)<\/a><\/p>\n<p>\u00a0\u00a0<\/p>","protected":false},"excerpt":{"rendered":"<p>la m\u00e9dica oftalm\u00f3loga especializada en cirug\u00eda pl\u00e1stica ocular, Marianela Dorronsoro (MP118.667), advirti\u00f3 sobre los problemas&#8230;<\/p>\n","protected":false},"author":1,"featured_media":23433,"comment_status":"closed","ping_status":"closed","sticky":false,"template":"","format":"standard","meta":{"footnotes":""},"categories":[6],"tags":[],"class_list":["post-23432","post","type-post","status-publish","format-standard","has-post-thumbnail","hentry","category-regionales"],"aioseo_notices":[],"_links":{"self":[{"href":"https:\/\/infinitoradio.com\/index.php?rest_route=\/wp\/v2\/posts\/23432","targetHints":{"allow":["GET"]}}],"collection":[{"href":"https:\/\/infinitoradio.com\/index.php?rest_route=\/wp\/v2\/posts"}],"about":[{"href":"https:\/\/infinitoradio.com\/index.php?rest_route=\/wp\/v2\/types\/post"}],"author":[{"embeddable":true,"href":"https:\/\/infinitoradio.com\/index.php?rest_route=\/wp\/v2\/users\/1"}],"replies":[{"embeddable":true,"href":"https:\/\/infinitoradio.com\/index.php?rest_route=%2Fwp%2Fv2%2Fcomments&post=23432"}],"version-history":[{"count":0,"href":"https:\/\/infinitoradio.com\/index.php?rest_route=\/wp\/v2\/posts\/23432\/revisions"}],"wp:featuredmedia":[{"embeddable":true,"href":"https:\/\/infinitoradio.com\/index.php?rest_route=\/wp\/v2\/media\/23433"}],"wp:attachment":[{"href":"https:\/\/infinitoradio.com\/index.php?rest_route=%2Fwp%2Fv2%2Fmedia&parent=23432"}],"wp:term":[{"taxonomy":"category","embeddable":true,"href":"https:\/\/infinitoradio.com\/index.php?rest_route=%2Fwp%2Fv2%2Fcategories&post=23432"},{"taxonomy":"post_tag","embeddable":true,"href":"https:\/\/infinitoradio.com\/index.php?rest_route=%2Fwp%2Fv2%2Ftags&post=23432"}],"curies":[{"name":"wp","href":"https:\/\/api.w.org\/{rel}","templated":true}]}}