{"id":23430,"date":"2026-04-28T23:14:46","date_gmt":"2026-04-29T02:14:46","guid":{"rendered":"https:\/\/infinitoradio.com\/?p=23430"},"modified":"2026-04-28T23:14:46","modified_gmt":"2026-04-29T02:14:46","slug":"ariana-grande-anuncio-petal-su-nuevo-album-y-tiene-fecha-confirmada-de-estreno-cuando-sale-canciones-y-todo-lo-que-debes-saber","status":"publish","type":"post","link":"https:\/\/infinitoradio.com\/?p=23430","title":{"rendered":"Ariana Grande anunci\u00f3 &#8220;Petal&#8221;, su nuevo \u00e1lbum, y tiene fecha confirmada de estreno: cu\u00e1ndo sale, canciones y todo lo que debes saber"},"content":{"rendered":"<div><img decoding=\"async\" src=\"https:\/\/www.clarin.com\/img\/2026\/04\/28\/CChGr5TaO_2000x1500__1.jpg\" class=\"ff-og-image-inserted\" \/><\/div>\n<div>\n<p>\u00a1El Arianator est\u00e1 de fiesta! Tras semanas de pistas en redes sociales y fotos en el estudio, A<strong>riana Grande confirm\u00f3 oficialmente este martes el lanzamiento de su octavo \u00e1lbum de estudio, titulado Petal<\/strong>. La noticia llega en un momento de plenitud para la estrella de 32 a\u00f1os, quien describi\u00f3 este nuevo material como <strong>&#8220;algo lleno de vida que crece a trav\u00e9s de las grietas de algo fr\u00edo, duro y desafiante&#8221;<\/strong>.<\/p>\n<\/div>\n<div>\n<blockquote class=\"twitter-tweet\">\n<p lang=\"es\" dir=\"ltr\">Ariana Grande brilla para \u201cpetal\u201d, su nuevo trabajo discogr\u00e1fico:<\/p>\n<p>pre-venta:  <a href=\"https:\/\/t.co\/gJ0o2GRvb9\">https:\/\/t.co\/gJ0o2GRvb9<\/a>\u2026 <a href=\"https:\/\/t.co\/iHGsyNToIR\">pic.twitter.com\/iHGsyNToIR<\/a><\/p>\n<p>\u2014 Ariana Grande Spain \u2600\ufe0f (@AGrandeSP) <a href=\"https:\/\/twitter.com\/AGrandeSP\/status\/2049142953210192184?ref_src=twsrc%5Etfw\">April 28, 2026<\/a><\/p><\/blockquote>\n<\/div>\n<div>\n<p>El \u00e1lbum, que ser\u00e1 publicado bajo el sello Republic Records, marca una reuni\u00f3n creativa clave: <strong>est\u00e1 producido ejecutivamente y coescrito por la propia Ariana junto a Ilya Salmanzadeh<\/strong>, el productor sueco-persa detr\u00e1s de \u00e9xitos como &#8220;Problem&#8221; y gran parte del aclamado Eternal Sunshine (2024).<\/p>\n<\/div>\n<h2>\u00bfCu\u00e1ndo sale &#8220;Petal&#8221;, el nuevo \u00e1lbum de Ariana Grande? Fecha de lanzamiento y arte de tapa<\/h2>\n<div>\n<p>La espera no ser\u00e1 larga. <strong>Petal tiene como fecha de estreno el pr\u00f3ximo viernes 31 de julio de 2026<\/strong>.<\/p>\n<\/div>\n<div>\n<blockquote class=\"twitter-tweet\">\n<p lang=\"en\" dir=\"ltr\">ariana grande released the first teaser of her 8th studio album on apple music \ua564\uff61\u02da\u22c6<\/p>\n<p>\u2014 \u201cpetal in the pavement\u201d <a href=\"https:\/\/t.co\/0mJ8cdkmqw\">pic.twitter.com\/0mJ8cdkmqw<\/a><\/p>\n<p>\u2014 Ariana Grande Today (@ArianaToday) <a href=\"https:\/\/twitter.com\/ArianaToday\/status\/2049149011148316778?ref_src=twsrc%5Etfw\">April 28, 2026<\/a><\/p><\/blockquote>\n<\/div>\n<div>\n<p>Junto con el anuncio, se revel\u00f3 la portada oficial: <strong>una fotograf\u00eda \u00edntima en blanco y negro, capturada por Katia Temkin, donde se ve a Ariana sonriendo con el cabello cubriendo parte de su rostro<\/strong>. Esta est\u00e9tica parece continuar con la l\u00ednea introspectiva que la artista ha explorado en sus \u00faltimos a\u00f1os.<\/p>\n<\/div>\n<div>\n<p>Aunque el entusiasmo es total, Ariana ha decidido mantener bajo llave algunos secretos:<\/p>\n<\/div>\n<div>\n<p>El anuncio de Petal llega en medio de una agenda cargada para la artista. Tras tres a\u00f1os dedicada casi por completo a su papel como Glinda en las pel\u00edculas de Wicked, <strong>Ariana se prepara para iniciar su Eternal Sunshine Tour<\/strong> este junio, su primera gira desde 2019.<\/p>\n<\/div>\n<div>\n<p>Sin embargo, hay una cuota de nostalgia en este lanzamiento. En recientes entrevistas,<strong> la cantante ha sugerido que esta gira podr\u00eda ser la \u00faltima<\/strong> en mucho tiempo: <strong>&#8220;Es como un \u00faltimo hurra por ahora. Los pr\u00f3ximos 10 o 15 a\u00f1os se ver\u00e1n muy diferentes a los que pasaron&#8221;<\/strong>, confes\u00f3 en el podcast de Amy Poehler.<\/p>\n<\/div>\n<div>\n<p>Con Petal, <strong>Ariana busca su sexto \u00e1lbum n\u00famero 1 consecutivo<\/strong>, consolidando una racha hist\u00f3rica que comenz\u00f3 en 2016 con Dangerous Woman.<\/p>\n<\/div>\n<p><strong><a href=\"https:\/\/blockads.fivefilters.org\/\">Adblock test<\/a><\/strong> <a href=\"https:\/\/blockads.fivefilters.org\/acceptable.html\">(Why?)<\/a><\/p>\n<p>\u200b\u00a0\u00a0<\/p>","protected":false},"excerpt":{"rendered":"<p>\u00a1El Arianator est\u00e1 de fiesta! Tras semanas de pistas en redes sociales y fotos en&#8230;<\/p>\n","protected":false},"author":1,"featured_media":23431,"comment_status":"closed","ping_status":"closed","sticky":false,"template":"","format":"standard","meta":{"footnotes":""},"categories":[5],"tags":[],"class_list":["post-23430","post","type-post","status-publish","format-standard","has-post-thumbnail","hentry","category-espectaculos"],"aioseo_notices":[],"_links":{"self":[{"href":"https:\/\/infinitoradio.com\/index.php?rest_route=\/wp\/v2\/posts\/23430","targetHints":{"allow":["GET"]}}],"collection":[{"href":"https:\/\/infinitoradio.com\/index.php?rest_route=\/wp\/v2\/posts"}],"about":[{"href":"https:\/\/infinitoradio.com\/index.php?rest_route=\/wp\/v2\/types\/post"}],"author":[{"embeddable":true,"href":"https:\/\/infinitoradio.com\/index.php?rest_route=\/wp\/v2\/users\/1"}],"replies":[{"embeddable":true,"href":"https:\/\/infinitoradio.com\/index.php?rest_route=%2Fwp%2Fv2%2Fcomments&post=23430"}],"version-history":[{"count":0,"href":"https:\/\/infinitoradio.com\/index.php?rest_route=\/wp\/v2\/posts\/23430\/revisions"}],"wp:featuredmedia":[{"embeddable":true,"href":"https:\/\/infinitoradio.com\/index.php?rest_route=\/wp\/v2\/media\/23431"}],"wp:attachment":[{"href":"https:\/\/infinitoradio.com\/index.php?rest_route=%2Fwp%2Fv2%2Fmedia&parent=23430"}],"wp:term":[{"taxonomy":"category","embeddable":true,"href":"https:\/\/infinitoradio.com\/index.php?rest_route=%2Fwp%2Fv2%2Fcategories&post=23430"},{"taxonomy":"post_tag","embeddable":true,"href":"https:\/\/infinitoradio.com\/index.php?rest_route=%2Fwp%2Fv2%2Ftags&post=23430"}],"curies":[{"name":"wp","href":"https:\/\/api.w.org\/{rel}","templated":true}]}}