{"id":23418,"date":"2026-04-28T12:48:01","date_gmt":"2026-04-28T15:48:01","guid":{"rendered":"https:\/\/infinitoradio.com\/?p=23418"},"modified":"2026-04-28T12:48:01","modified_gmt":"2026-04-28T15:48:01","slug":"las-empresas-de-colectivos-del-amba-se-declaran-en-emergencia-y-amenazan-con-volver-a-reducir-servicios","status":"publish","type":"post","link":"https:\/\/infinitoradio.com\/?p=23418","title":{"rendered":"Las empresas de colectivos del AMBA se declaran en emergencia y amenazan con volver a reducir servicios"},"content":{"rendered":"<p>Las <a href=\"https:\/\/www.lanacion.com.ar\/sociedad\/hay-paro-de-colectivos-en-amba-esto-es-lo-que-se-sabe-de-la-emergencia-en-el-transporte-nid28042026\/\" target=\"_blank\" rel=\"noreferrer\" title=\"https:\/\/www.lanacion.com.ar\/sociedad\/hay-paro-de-colectivos-en-amba-esto-es-lo-que-se-sabe-de-la-emergencia-en-el-transporte-nid28042026\/\">c\u00e1maras empresarias del transporte p\u00fablico del \u00c1rea Metropolitana<\/a> de Buenos Aires (<b>AMBA<\/b>) emitieron un comunicado donde informan que el sector \u201cse declara en <b>estado de emergencia<\/b>\u201d ante el aumento de los costos operativos y afirman que profundizar\u00e1n la <b>reducci\u00f3n de frecuencia de colectivos si no reciben respuestas<\/b> \u201cconcretas, inmediatas y verificables\u201d. <\/p>\n<p>Las operadoras aseguran que la situaci\u00f3n financiera alcanz\u00f3 un punto cr\u00edtico debido al <b>desajuste entre los ingresos y el costo de funcionamiento<\/b> de las l\u00edneas, pese al \u201csignificativo esfuerzo financiero y operativo para sostener la prestaci\u00f3n\u201d. <\/p>\n<p>Los representantes tambi\u00e9n detallaron que la deuda estatal por compensaciones tarifarias ya lleg\u00f3 a los <b>$128.000 millones <\/b>y recordaron que durante las <b>primeras semanas de abril ya disminuyeron la cantidad de veh\u00edculos<\/b> en circulaci\u00f3n por el encarecimiento del gasoil, despu\u00e9s de agotar las instancias de mediaci\u00f3n con las autoridades. <\/p>\n<p><img loading=\"lazy\" decoding=\"async\" src=\"https:\/\/resizer.glanacion.com\/resizer\/v2\/5Q6Q2H24NJHTBNU3AV4CT6PD2E.jpg?auth=664d0c6e5104bb9bbc2f5471a7cd06a8e3fd088d868df3534d5b54a017f9cb82&amp;smart=true&amp;width=720&amp;height=892\" alt=\"El comunicado donde se declaran en estado de emergencia\" height=\"892\" width=\"720\" \/><\/p>\n<p>Las empresas sostienen que <b>propusieron m\u00e9todos para optimizar la red<\/b> de traslados, pero no obtuvieron soluciones efectivas hasta la fecha: \u201cHabiendo transcurrido un plazo m\u00e1s que razonable, el sector contin\u00faa <b>sin recibir definiciones concretas por parte del Estado Nacional ni de la Provincia de Buenos Aires<\/b> respecto de c\u00f3mo se afrontar\u00e1n los mayores costos derivados del incremento del precio del gasoil y del resto de los costos operativos\u201d.<\/p>\n<p>La Secretar\u00eda de Transporte de la Naci\u00f3n cit\u00f3 a los representantes de las c\u00e1maras para una <b>reuni\u00f3n el jueves 30 de abril<\/b>. Durante ese encuentro, las entidades \u201cesperan recibir respuestas concretas, inmediatas y verificables sobre los <b>mecanismos y plazos de reconocimiento de los mayores costos que afectan a la actividad<\/b>\u201d.<\/p>\n<p><img loading=\"lazy\" decoding=\"async\" src=\"https:\/\/resizer.glanacion.com\/resizer\/v2\/MJC6PDV67ZCKNIBCECM5BM27RI.jpg?auth=29267d87cd6689dc9a7248c4a7de01316722fcec61b2ed9a660151e475f9b360&amp;smart=true&amp;width=2000&amp;height=1333\" alt=\"Se espera una nueva reducci\u00f3n de frecuencia si no se reciben respuesats concretas\" height=\"1333\" width=\"2000\" \/><\/p>\n<p>El documento lleva la firma de la C\u00e1mara del Transporte de la Provincia de Buenos Aires (<b>CTPBA<\/b>) y la C\u00e1mara Empresaria de Autotransporte de Pasajeros (<b>CEAP<\/b>). Tambi\u00e9n emitieron el escrito la C\u00e1mara Empresaria del Transporte Urbano de Buenos Aires (<b>CETUBA<\/b>) y la C\u00e1mara de Empresarios Unidos del Transporte Urbano de Pasajeros de Buenos Aires (<b>CEUTUPBA<\/b>).<\/p>\n<h1>La reducci\u00f3n de frecuencia de principios de abril<\/h1>\n<p>El sistema de transporte p\u00fablico del AMBA <a href=\"https:\/\/www.lanacion.com.ar\/sociedad\/por-que-hay-menos-colectivos-circulando-nid07042026\/\" target=\"_blank\" rel=\"noreferrer\" title=\"https:\/\/www.lanacion.com.ar\/sociedad\/por-que-hay-menos-colectivos-circulando-nid07042026\/\">ya atraves\u00f3 una baja en la frecuencia<\/a> por el <b>encarecimiento del gasoil <\/b>durante principios de abril, cuando el subsidio estatal <b>disminuy\u00f3 al 63% del 91% registrado en diciembre de 2023<\/b>. <\/p>\n<p>Como consecuencia, se registr\u00f3 una <b>disminuci\u00f3n de alrededor del 20% en el servicio<\/b>, generando malestar e incomodidad para los pasajeros. Esta reducci\u00f3n se sum\u00f3 adem\u00e1s a un proceso previo, ya que se estima que el parque automotor se redujo en <b>3000 unidades<\/b> durante los \u00faltimos cuatro a\u00f1os, al pasar de 18.500 a 15.500 colectivos.<\/p>\n<p>\u200bLos representantes del sector reclaman medidas ante el incremento de los costos operativos; la deuda por compensaciones tarifarias superar\u00eda los $128.000 millones\u00a0\u00a0LA NACION<\/p>","protected":false},"excerpt":{"rendered":"<p>Las c\u00e1maras empresarias del transporte p\u00fablico del \u00c1rea Metropolitana de Buenos Aires (AMBA) emitieron un&#8230;<\/p>\n","protected":false},"author":1,"featured_media":23419,"comment_status":"closed","ping_status":"closed","sticky":false,"template":"","format":"standard","meta":{"footnotes":""},"categories":[2],"tags":[],"class_list":["post-23418","post","type-post","status-publish","format-standard","has-post-thumbnail","hentry","category-nacionales"],"aioseo_notices":[],"_links":{"self":[{"href":"https:\/\/infinitoradio.com\/index.php?rest_route=\/wp\/v2\/posts\/23418","targetHints":{"allow":["GET"]}}],"collection":[{"href":"https:\/\/infinitoradio.com\/index.php?rest_route=\/wp\/v2\/posts"}],"about":[{"href":"https:\/\/infinitoradio.com\/index.php?rest_route=\/wp\/v2\/types\/post"}],"author":[{"embeddable":true,"href":"https:\/\/infinitoradio.com\/index.php?rest_route=\/wp\/v2\/users\/1"}],"replies":[{"embeddable":true,"href":"https:\/\/infinitoradio.com\/index.php?rest_route=%2Fwp%2Fv2%2Fcomments&post=23418"}],"version-history":[{"count":0,"href":"https:\/\/infinitoradio.com\/index.php?rest_route=\/wp\/v2\/posts\/23418\/revisions"}],"wp:featuredmedia":[{"embeddable":true,"href":"https:\/\/infinitoradio.com\/index.php?rest_route=\/wp\/v2\/media\/23419"}],"wp:attachment":[{"href":"https:\/\/infinitoradio.com\/index.php?rest_route=%2Fwp%2Fv2%2Fmedia&parent=23418"}],"wp:term":[{"taxonomy":"category","embeddable":true,"href":"https:\/\/infinitoradio.com\/index.php?rest_route=%2Fwp%2Fv2%2Fcategories&post=23418"},{"taxonomy":"post_tag","embeddable":true,"href":"https:\/\/infinitoradio.com\/index.php?rest_route=%2Fwp%2Fv2%2Ftags&post=23418"}],"curies":[{"name":"wp","href":"https:\/\/api.w.org\/{rel}","templated":true}]}}