{"id":23416,"date":"2026-04-28T12:47:59","date_gmt":"2026-04-28T15:47:59","guid":{"rendered":"https:\/\/infinitoradio.com\/?p=23416"},"modified":"2026-04-28T12:47:59","modified_gmt":"2026-04-28T15:47:59","slug":"noticias-del-sur-de-florida-hoy-en-vivo-desantis-presiona-para-conseguir-una-ley-contra-la-ia","status":"publish","type":"post","link":"https:\/\/infinitoradio.com\/?p=23416","title":{"rendered":"Noticias del sur de Florida hoy, en vivo: DeSantis presiona para conseguir una ley contra la IA"},"content":{"rendered":"<p>El recaudador de impuestos de <b>Miami-Dade, <\/b><a href=\"https:\/\/www.lanacion.com.ar\/estados-unidos\/florida\/es-oficial-la-ley-que-indica-que-a-partir-de-2027-se-marcara-el-estatus-de-cada-migrante-en-las-nid14042026\/\" target=\"_self\" rel=\"\" title=\"https:\/\/www.lanacion.com.ar\/estados-unidos\/florida\/es-oficial-la-ley-que-indica-que-a-partir-de-2027-se-marcara-el-estatus-de-cada-migrante-en-las-nid14042026\/\"><b>Dariel Fern\u00e1ndez<\/b><\/a>, expres\u00f3 su respaldo a la <b>Ley Isaiah (<\/b><a href=\"https:\/\/www.flsenate.gov\/Session\/Bill\/2026\/35\" target=\"_self\" rel=\"\" title=\"https:\/\/www.flsenate.gov\/Session\/Bill\/2026\/35\"><b>HB 35<\/b><\/a><b>)<\/b> firmada por el gobernador <b>Ron DeSantis<\/b>. Esta legislaci\u00f3n impone <b>sanciones estrictas contra conductores reincidentes que operan veh\u00edculos sin una licencia v\u00e1lida<\/b> y ponen en riesgo la seguridad p\u00fablica.<\/p>\n<p><img loading=\"lazy\" decoding=\"async\" src=\"https:\/\/resizer.glanacion.com\/resizer\/v2\/MAWFD3GNEBDQFA5PETXT6RVSZE.png?auth=a6252c0f768d185607b34c0a757916a5522f4b5e5b9a05ef61604d01e80b911a&amp;smart=true&amp;width=596&amp;height=737\" alt=\"La publicaci\u00f3n de Dariel Fern\u00e1ndez en X\" height=\"737\" width=\"596\" \/><\/p>\n<p>\u201c<b>Se trata de proteger vidas. Se trata de restaurar el respeto por la ley<\/b>. Se trata de dejar claro que en Florida, y en el Condado de Miami-Dade, hay consecuencias reales por violaciones imprudentes\u201d, escribi\u00f3 <b>Fern\u00e1ndez <\/b>en <a href=\"https:\/\/x.com\/darielfernandez\/status\/2049143293347274820\" target=\"_self\" rel=\"\" title=\"https:\/\/x.com\/darielfernandez\/status\/2049143293347274820\">X<\/a>. La normativa <b>entrar\u00e1 en vigor el 1\u00b0 de julio de 2026.<\/b><\/p>\n<p>El condado de <a href=\"https:\/\/www.lanacion.com.ar\/estados-unidos\/florida\/ya-entro-en-vigor-la-nueva-ley-de-aduana-en-cuba-con-controles-mas-estrictos-que-cambia-para-nid26042026\/\" target=\"_self\" rel=\"\" title=\"https:\/\/www.lanacion.com.ar\/estados-unidos\/florida\/ya-entro-en-vigor-la-nueva-ley-de-aduana-en-cuba-con-controles-mas-estrictos-que-cambia-para-nid26042026\/\"><b>Miami-Dade<\/b><\/a><b> eval\u00faa la construcci\u00f3n de un nuevo aeropuerto comercial <\/b>debido a que la terminal internacional actual opera al 80% de su capacidad. Seg\u00fan <a href=\"https:\/\/www.local10.com\/news\/local\/2026\/04\/27\/officials-in-miami-dade-weighing-possibility-of-a-second-commercial-airport\/\" target=\"_self\" rel=\"\" title=\"https:\/\/www.local10.com\/news\/local\/2026\/04\/27\/officials-in-miami-dade-weighing-possibility-of-a-second-commercial-airport\/\"><i>Local 10<\/i><\/a>, la falta de espacio podr\u00eda<b> generar retrasos en los viajes y afectar la competitividad de la regi\u00f3n<\/b>.<\/p>\n<p><img loading=\"lazy\" decoding=\"async\" src=\"https:\/\/resizer.glanacion.com\/resizer\/v2\/HLM2DMMJSRDFHJL7J2ELTWXWUA.jpg?auth=d4b83202ca1836e7510919d79cf81512f1665f4fd81b2d7359420b1469609a22&amp;smart=true&amp;width=3446&amp;height=2315\" alt=\"Podr\u00eda tener lugar un nuevo aeropuerto en el condado de Miami-Dade para los pr\u00f3ximos a\u00f1os\" height=\"2315\" width=\"3446\" \/><\/p>\n<p><b>Se estima que el proyecto final tomar\u00eda entre 12 y 20 a\u00f1os<\/b> en completarse. Sin embargo, las autoridades locales analizan tres opciones:<\/p>\n<ul>\n<li><b>Expandir Miami Executive Airport<\/b>\u00a0para transformarlo en una terminal a\u00e9rea comercial completa.<\/li>\n<li><b>Ampliar Miami Homestead General Aviation Airport<\/b>\u00a0para habilitar operaciones comerciales de pasajeros y carga.<\/li>\n<li><b>Construir una instalaci\u00f3n aeroportuaria completamente nueva\u00a0<\/b>en un terreno ubicado entre ambas bases a\u00e9reas.<\/li>\n<\/ul>\n<p><a href=\"https:\/\/www.lanacion.com.ar\/estados-unidos\/florida\/collins-vs-donalds-el-vicegobernador-de-florida-ataco-con-un-expediente-al-favorito-de-trump-nid21042026\/\" target=\"_self\" rel=\"\" title=\"https:\/\/www.lanacion.com.ar\/estados-unidos\/florida\/collins-vs-donalds-el-vicegobernador-de-florida-ataco-con-un-expediente-al-favorito-de-trump-nid21042026\/\"><b>Jay Collins<\/b><\/a>, vicegobernador y candidato a las primarias republicanas para gobernador de Florida,<b> apunt\u00f3 en redes sociales contra Byron Donalds<\/b>, uno de sus principales rivales en la contienda. El actual funcionario estatal <b>acus\u00f3 al congresista<\/b> de querer suceder a <b>Ron DeSantis<\/b> en el cargo <b>\u201cpor su propia ganancia financiera\u201d<\/b>.<\/p>\n<p>\u201cLos floridanos merecen l\u00edderes que pongan al p\u00fablico primero,<b> no su propia ganancia financiera, como ha hecho Byron Donalds<\/b>. Es hora de una verdadera transparencia, rendici\u00f3n de cuentas y reglas claras que restauren la confianza en aquellos elegidos para servir\u201d, escribi\u00f3 <b>Collins <\/b>en <a href=\"https:\/\/x.com\/JayCollinsFL\/status\/2049127506888823209\" target=\"_self\" rel=\"\" title=\"https:\/\/x.com\/JayCollinsFL\/status\/2049127506888823209\">X<\/a>. <\/p>\n<p><b>\u00bfCu\u00e1ndo se vota?<\/b> Las elecciones primarias en el Estado del Sol se llevar\u00e1n a cabo el 18 de agosto de 2026.<\/p>\n<p>El gobernador de Florida, <b>Ron<\/b> <b>DeSantis<\/b>, public\u00f3 un nuevo mensaje en <b>apoyo a la aprobaci\u00f3n de la <\/b><a href=\"https:\/\/www.lanacion.com.ar\/estados-unidos\/florida\/la-propuso-ron-desantis-la-ley-de-florida-que-cambia-el-uso-de-la-inteligencia-artificial-nid06122025\/\" target=\"_self\" rel=\"\" title=\"https:\/\/www.lanacion.com.ar\/estados-unidos\/florida\/la-propuso-ron-desantis-la-ley-de-florida-que-cambia-el-uso-de-la-inteligencia-artificial-nid06122025\/\"><b>Ley de Derechos de la IA<\/b><\/a><b> <\/b>en Florida. Se trata de una propuesta que impone nuevas <b>regulaciones a las empresas sobre la inteligencia artificial<\/b>, con el objetivo principal de garantizar la seguridad de los ni\u00f1os.<\/p>\n<p><img loading=\"lazy\" decoding=\"async\" src=\"https:\/\/resizer.glanacion.com\/resizer\/v2\/25XABK64LZACZOK226OU2GPDZU.png?auth=c6de2eb5b1bb7ee946f26ac7be3a19b19dcfe8c6836ac0dd74b721583509724b&amp;smart=true&amp;width=592&amp;height=231\" alt=\"La publicaci\u00f3n de DeSantis en redes sociales, en apoyo a la Ley de Derechos de la IA\" height=\"231\" width=\"592\" \/><\/p>\n<p>\u201cEs el momento de elegir. Los legisladores de Florida tienen la oportunidad de <b>proteger a ni\u00f1os y familias contra las grandes corporaciones tecnol\u00f3gicas que est\u00e1n experimentando<\/b> con ni\u00f1os y adolescentes mediante tecnolog\u00edas de IA peligrosas\u201d, escribi\u00f3 <b>DeSantis <\/b>en <a href=\"https:\/\/x.com\/GovRonDeSantis\/status\/2049117393826333070\" target=\"_self\" rel=\"\" title=\"https:\/\/x.com\/GovRonDeSantis\/status\/2049117393826333070\">X<\/a>. El proyecto se tratar\u00e1 desde este martes 28 de abril en la sesi\u00f3n extraordinaria de la Legislatura estatal.<\/p>\n<p><b>Un <\/b><a href=\"https:\/\/www.lanacion.com.ar\/estados-unidos\/florida\/alerta-en-florida-la-sequia-extrema-alcanza-su-nivel-mas-alto-y-podria-surgir-un-fenomeno-inesperado-nid15022026\/\" target=\"_self\" rel=\"\" title=\"https:\/\/www.lanacion.com.ar\/estados-unidos\/florida\/alerta-en-florida-la-sequia-extrema-alcanza-su-nivel-mas-alto-y-podria-surgir-un-fenomeno-inesperado-nid15022026\/\"><b>incendio forestal<\/b><\/a><b> activo consume 450 acres al sur de la carretera Tamiami Trail<\/b> en el condado de <b>Miami-Dade.<\/b> El fuego inici\u00f3 la tarde del lunes y, seg\u00fan <a href=\"https:\/\/www.nbcmiami.com\/news\/local\/wildfire-burns-hundreds-of-acres-south-of-tamiami-trail-in-miami-dade\/3801946\/\" target=\"_self\" rel=\"\" title=\"https:\/\/www.nbcmiami.com\/news\/local\/wildfire-burns-hundreds-of-acres-south-of-tamiami-trail-in-miami-dade\/3801946\/\"><i>NBC Miami<\/i><\/a>, no representa una amenaza para las viviendas de la zona.<\/p>\n<p><img loading=\"lazy\" decoding=\"async\" src=\"https:\/\/resizer.glanacion.com\/resizer\/v2\/YCGZN4GDDZGK5INDZ5N47JVUBQ.jpg?auth=e2e29f2611cd2db956dc4ff846a8c356bb6e5bb3aacee5ec9fbfee0b8189dc3b&amp;smart=true&amp;width=3936&amp;height=2632\" alt=\"Las autoridades mantienen controlado el fuego en la regi\u00f3n de Miami-Dade\" height=\"2632\" width=\"3936\" \/><\/p>\n<p><b>La carretera permanece abierta y los vientos del noreste desplazan el humo hacia \u00e1reas con poca poblaci\u00f3n<\/b>. Los expertos vigilan un posible cambio en la direcci\u00f3n del viento para el jueves, aunque la causa del siniestro es todav\u00eda desconocida.<\/p>\n<p>El <b>Amerant Bank Arena de Sunrise<\/b>, suburbio al oeste de Fort Lauderdale,<b> <\/b>recibir\u00e1 a <b>m\u00e1s de 100 empresas <\/b>este jueves 30 de abril<b> <\/b>de 10 a 14 hs (ET) para una <a href=\"https:\/\/www.lanacion.com.ar\/estados-unidos\/florida\/trabajo-en-walmart-en-florida-lanzan-vacantes-y-asi-se-puede-aplicar-nid20092025\/\" target=\"_self\" rel=\"\" title=\"https:\/\/www.lanacion.com.ar\/estados-unidos\/florida\/trabajo-en-walmart-en-florida-lanzan-vacantes-y-asi-se-puede-aplicar-nid20092025\/\"><b>masiva feria de empleo<\/b><\/a>. Seg\u00fan <a href=\"https:\/\/www.miamiherald.com\/news\/business\/article315552357.html\" target=\"_self\" rel=\"\" title=\"https:\/\/www.miamiherald.com\/news\/business\/article315552357.html\"><i>Miami Herald<\/i><\/a>, los reclutadores ofrecer\u00e1n vacantes en \u00e1reas como <b>salud, ventas, construcci\u00f3n, inform\u00e1tica y seguridad p\u00fablica<\/b>.<\/p>\n<p><img loading=\"lazy\" decoding=\"async\" src=\"https:\/\/resizer.glanacion.com\/resizer\/v2\/6PV6NUEZWFFQBKSDTEPX7SSMVM.JPG?auth=9febc777d6b3b7d4722944aef25915b48ba383e85b1543d900bb8892cb1262e1&amp;smart=true&amp;width=2000&amp;height=1335\" alt=\"El evento dar\u00e1 la oportunidad a los candidatos de concretar entrevistas en diversas \u00e1reas de trabajo para el sur de Florida\" height=\"1335\" width=\"2000\" \/><\/p>\n<p>La <b>entrada y el estacionamiento <\/b>para este evento son<b> gratuitos <\/b>para todos los asistentes. Los organizadores recomiendan llevar <b>copias del curr\u00edculum<\/b> y <b>vestir de forma profesional<\/b> para las entrevistas con los representantes.<\/p>\n<p>Un <a href=\"https:\/\/www.cato.org\/blog\/uscis-cut-green-card-approvals-half-help-ice-arrest-legal-immigrants\" target=\"_self\" rel=\"\" title=\"https:\/\/www.cato.org\/blog\/uscis-cut-green-card-approvals-half-help-ice-arrest-legal-immigrants\">estudio<\/a> del Instituto Cato revel\u00f3 que existe un<b> incremento del 463% en las detenciones de cubanos<\/b> bajo la actual administraci\u00f3n de Donald Trump, por parte del <b>Servicio de Inmigraci\u00f3n y Control de Aduanas <\/b>(<b>ICE<\/b>, por sus siglas en ingl\u00e9s). A su vez, la <b>aprobaci\u00f3n de green cards para ciudadanos de la isla caribe\u00f1a sufri\u00f3 una ca\u00edda del 99,8%<\/b> desde finales de 2024.<\/p>\n<p><img loading=\"lazy\" decoding=\"async\" src=\"https:\/\/resizer.glanacion.com\/resizer\/v2\/C5NNYQVJMVECJJEJDY32CBRUBU.jpg?auth=664be10d127c5ea17ce5d7365cb459cb96d978e71e6e1b7511538a4e12eae84a&amp;smart=true&amp;width=5490&amp;height=3660\" alt=\"La poblaci\u00f3n cubana tiene una alta concentraci\u00f3n en Florida\" height=\"3660\" width=\"5490\" \/><\/p>\n<p>Seg\u00fan <a href=\"https:\/\/www.miamiherald.com\/news\/local\/immigration\/article315551646.html\" target=\"_self\" rel=\"\" title=\"https:\/\/www.miamiherald.com\/news\/local\/immigration\/article315551646.html\"><i>Miami Herald<\/i><\/a>, <b>las medidas migratorias eliminaron programas previos de permanencia y congelaron miles de solicitudes de asilo <\/b>o naturalizaci\u00f3n. Seg\u00fan datos de un informe del <i><b>Pew Research Center <\/b><\/i>(<a href=\"https:\/\/www.pewresearch.org\/race-and-ethnicity\/fact-sheet\/latinos-in-the-us-fact-sheet\/#top-10-u-s-metropolitan-areas\" target=\"_self\" rel=\"\" title=\"https:\/\/www.pewresearch.org\/race-and-ethnicity\/fact-sheet\/latinos-in-the-us-fact-sheet\/#top-10-u-s-metropolitan-areas\"><b>PWC<\/b><\/a>) en 2021, <b>1,1 millones de cubanos <\/b>viven en el \u00e1rea metropolitana de <b>Miami-Fort Lauderdale-West Palm Beach<\/b>, al sureste del estado de <a href=\"https:\/\/www.lanacion.com.ar\/estados-unidos\/florida\/que-se-sabe-del-conductor-de-camion-cubano-que-desaparecio-rumbo-a-miami-el-fbi-pide-ayuda-para-nid27042026\/\" target=\"_self\" rel=\"\" title=\"https:\/\/www.lanacion.com.ar\/estados-unidos\/florida\/que-se-sabe-del-conductor-de-camion-cubano-que-desaparecio-rumbo-a-miami-el-fbi-pide-ayuda-para-nid27042026\/\"><b>Florida<\/b><\/a><b>.<\/b><\/p>\n<p>Para este martes 28 de abril de 2026, el cielo permanecer\u00e1 mayormente soleado con una <b>temperatura m\u00e1xima de 83\u00b0F (28\u00b0C)<\/b> y una<b> m\u00ednima de 70\u00b0F (21\u00b0C)<\/b>. El viento llegar\u00e1 desde el noreste con una velocidad de <b>11 mph<\/b> (<b>18 kmh<\/b>).<\/p>\n<p><img loading=\"lazy\" decoding=\"async\" src=\"https:\/\/resizer.glanacion.com\/resizer\/v2\/IFKY6LYX2ZGRVGWRS7YS5R27S4.jpg?auth=798327ba2f3a9d374a71e96bba468f4119997c5f4f36618bda1f506f8e21f740&amp;smart=true&amp;width=2000&amp;height=1333\" alt=\"Se espera una jornada soleada para este martes 28 de abril en el sur de Florida\" height=\"1333\" width=\"2000\" \/><\/p>\n<p>Seg\u00fan el pron\u00f3stico del Servicio Meteorol\u00f3gico Nacional (<a href=\"https:\/\/forecast.weather.gov\/MapClick.php?lat=25.7748&amp;lon=-80.1977\" target=\"_self\" rel=\"\" title=\"https:\/\/forecast.weather.gov\/MapClick.php?lat=25.7748&amp;lon=-80.1977\">NWS<\/a>, por sus siglas en ingl\u00e9s), <b>la probabilidad de lluvia se mantendr\u00e1 en un 15%<\/b> durante la jornada. Estas condiciones clim\u00e1ticas favorecer\u00e1n las <b>actividades al aire libre <\/b>en toda la regi\u00f3n del sur de Florida.<\/p>\n<p>\u200bSigue nuestra cobertura al instante de las noticias de Miami y el Sur de Florida hoy en vivo: nuevas leyes, clima seco, Byron Donalds y anuncios de Ron DeSantis. Todas las actualizaciones minuto a minuto de EE.UU. este 28 de abril de 2026\u00a0\u00a0LA NACION<\/p>","protected":false},"excerpt":{"rendered":"<p>El recaudador de impuestos de Miami-Dade, Dariel Fern\u00e1ndez, expres\u00f3 su respaldo a la Ley Isaiah&#8230;<\/p>\n","protected":false},"author":1,"featured_media":23417,"comment_status":"closed","ping_status":"closed","sticky":false,"template":"","format":"standard","meta":{"footnotes":""},"categories":[2],"tags":[],"class_list":["post-23416","post","type-post","status-publish","format-standard","has-post-thumbnail","hentry","category-nacionales"],"aioseo_notices":[],"_links":{"self":[{"href":"https:\/\/infinitoradio.com\/index.php?rest_route=\/wp\/v2\/posts\/23416","targetHints":{"allow":["GET"]}}],"collection":[{"href":"https:\/\/infinitoradio.com\/index.php?rest_route=\/wp\/v2\/posts"}],"about":[{"href":"https:\/\/infinitoradio.com\/index.php?rest_route=\/wp\/v2\/types\/post"}],"author":[{"embeddable":true,"href":"https:\/\/infinitoradio.com\/index.php?rest_route=\/wp\/v2\/users\/1"}],"replies":[{"embeddable":true,"href":"https:\/\/infinitoradio.com\/index.php?rest_route=%2Fwp%2Fv2%2Fcomments&post=23416"}],"version-history":[{"count":0,"href":"https:\/\/infinitoradio.com\/index.php?rest_route=\/wp\/v2\/posts\/23416\/revisions"}],"wp:featuredmedia":[{"embeddable":true,"href":"https:\/\/infinitoradio.com\/index.php?rest_route=\/wp\/v2\/media\/23417"}],"wp:attachment":[{"href":"https:\/\/infinitoradio.com\/index.php?rest_route=%2Fwp%2Fv2%2Fmedia&parent=23416"}],"wp:term":[{"taxonomy":"category","embeddable":true,"href":"https:\/\/infinitoradio.com\/index.php?rest_route=%2Fwp%2Fv2%2Fcategories&post=23416"},{"taxonomy":"post_tag","embeddable":true,"href":"https:\/\/infinitoradio.com\/index.php?rest_route=%2Fwp%2Fv2%2Ftags&post=23416"}],"curies":[{"name":"wp","href":"https:\/\/api.w.org\/{rel}","templated":true}]}}