{"id":23394,"date":"2026-04-28T00:45:53","date_gmt":"2026-04-28T03:45:53","guid":{"rendered":"https:\/\/infinitoradio.com\/?p=23394"},"modified":"2026-04-28T00:45:53","modified_gmt":"2026-04-28T03:45:53","slug":"un-edificio-de-100-anos-con-una-cupula-sin-nombre-que-hoy-funciona-como-sanatorio","status":"publish","type":"post","link":"https:\/\/infinitoradio.com\/?p=23394","title":{"rendered":"Un edificio de 100 a\u00f1os con una c\u00fapula sin nombre que hoy funciona como sanatorio"},"content":{"rendered":"<p>Ubicado en la esquina de Callao y Lavalle, en pleno coraz\u00f3n del barrio de San Nicol\u00e1s, se alza un edificio de 6.000 metros cuadrados con una c\u00fapula emblem\u00e1tica de la ciudad por su altura y por ser una de las mejores conservadas, recientemente restaurada. <\/p>\n<p>Inaugurado en 1924, es un trabajo del arquitecto Oscar Schoo Lastra junto a los ingenieros Edmundo Parodi y Angelo Figini, de estilo acad\u00e9mico franc\u00e9s con remate de una c\u00fapula conoidal de 15 metros con esquinas curvas, muy t\u00edpicas del urbanismo parisino. El edificio se construy\u00f3 en pleno auge de la expansi\u00f3n urbana de la ciudad, cuando la avenida Callao ya se consolidaba como eje elegante de una pujante Buenos Aires. Su arquitectura es de influencia europea, especialmente francesa e italiana. <\/p>\n<p><img loading=\"lazy\" decoding=\"async\" src=\"https:\/\/resizer.glanacion.com\/resizer\/v2\/27QSRA5XSRGNRDG5HRB5WGKXWI.jpg?auth=3ca39cac385d605dce709abf5623b9def5c0c880b225e9825764a44c2798b65e&amp;smart=true&amp;width=6000&amp;height=4000\" alt=\"La escalera caracol con estrechos escalones   permiten ascender por la c\u00fapula\" height=\"4000\" width=\"6000\" \/><\/p>\n<p>Por entonces, la corriente academicista con fuerte influencia Beaux-Arts propon\u00eda darle prestigio urbano a la ciudad, con c\u00fapulas, mansardas y ornamentaci\u00f3n. Desarrollado en diez pisos con balcones y molduras, la edificaci\u00f3n tiene una fachada sim\u00e9trica con decoraci\u00f3n cl\u00e1sica. Originalmente y durante muchos a\u00f1os funcion\u00f3 como edificio de viviendas y oficinas, y en la planta baja hab\u00eda locales comerciales; todav\u00eda se conservan las grandes vidrieras. <\/p>\n<p><img loading=\"lazy\" decoding=\"async\" src=\"https:\/\/resizer.glanacion.com\/resizer\/v2\/R6Q2RUDMEVFJTPHDWY62SBKYVE.jpg?auth=49b0ef9162880ba97d1888bc60d944fcb4c54a8f5b587446e885cc389d3f8058&amp;smart=true&amp;width=5915&amp;height=3943\" alt=\"Desde el interior se aprecia la esquina curva del edificio, muy t\u00edpica del urbanismo parisino\" height=\"3943\" width=\"5915\" \/><\/p>\n<p>Los coquetos departamentos eran semipisos que compart\u00edan palier y un ascensor de categor\u00eda. Y se sabe que muchos de los materiales fueron tra\u00eddos de Francia. A\u00fan se conservan algunos detalles originales, como los herrajes de bronce en cerramientos. <\/p>\n<h1>La c\u00fapula sin nombre<\/h1>\n<p><img loading=\"lazy\" decoding=\"async\" src=\"https:\/\/resizer.glanacion.com\/resizer\/v2\/JICC6PWYLZDGLKZOCDTFOUVEKE.jpg?auth=64d8f751091759a5ad786bf77dd2be8f4ec88f13e4044526e1985bc472dda537&amp;smart=true&amp;width=6000&amp;height=4000\" alt=\"Recientemente restaurada, la c\u00fapula incluye el cupul\u00edn y el pararrayos, y est\u00e1 flanqueada por dos mansardas recubiertas con tejas de pizarras ornamentadas con complementos en zinc\" height=\"4000\" width=\"6000\" \/><\/p>\n<p>Entre las muchas particularidades de este edificio ubicado en una zona declarada \u00c1rea de Protecci\u00f3n Hist\u00f3rica por el Gobierno de la Ciudad se impone una c\u00fapula que no es perfectamente circular, sino que se adapta a la esquina curva. <\/p>\n<p>La c\u00fapula, que incluye el cupul\u00edn y el pararrayos, est\u00e1 flanqueada por dos mansardas recubiertas con tejas de pizarras ornamentadas con complementos en zinc. Seg\u00fan describe el informe de los arquitectos Marcela G\u00f3mez y Gerardo Pellegrino, encargados de su remodelaci\u00f3n en 2024, la puesta en valor fue un proceso fundamental para preservar el patrimonio arquitect\u00f3nico y cultural de la ciudad. <\/p>\n<p><img loading=\"lazy\" decoding=\"async\" src=\"https:\/\/resizer.glanacion.com\/resizer\/v2\/FPY7VQWT4JEVHHYL754PXPXJXE.jpg?auth=6fdded6590bf224ab0ae080a054e978410703408a2b108a990e1b051bd03405e&amp;smart=true&amp;width=6000&amp;height=3376\" alt=\"Por dentro, el sanatorio es moderno y tiene mucha luz natural\" height=\"3376\" width=\"6000\" \/><\/p>\n<p>Este conjunto resguarda una gran importancia ya que se encuentra entre los desarrollos m\u00e1s altos de la ciudad con estas caracter\u00edsticas. Estos exponentes representan un baluarte importante de nuestra historia y de la identidad de la ciudad, por lo que su restauraci\u00f3n y conservaci\u00f3n fueron tareas prioritarias para garantizar su permanencia en el tiempo. El proceso de restauraci\u00f3n de c\u00fapulas de pizarra y zinc se centr\u00f3 en la reposici\u00f3n y reubicaci\u00f3n de complementos originales en buen estado de conservaci\u00f3n, respet\u00e1ndose siempre los criterios de compatibilidad, reversibilidad y m\u00ednima intervenci\u00f3n.<\/p>\n<p><img loading=\"lazy\" decoding=\"async\" src=\"https:\/\/resizer.glanacion.com\/resizer\/v2\/BZHQ2H3Z5JF3JMOBLTLSBVKAZY.jpeg?auth=53767b2cae32b66e0ff1b765ac15bf978acd271ac2615a82c891a3454fb0a07e&amp;smart=true&amp;width=900&amp;height=1600\" alt=\"En la base de la c\u00fapula funciona hoy un auditorio para 80 personas en el que todas las semanas se hacen reuniones cient\u00edficas\" height=\"1600\" width=\"900\" \/><\/p>\n<p>La c\u00fapula se inicia en el piso 10 del edificio, donde funciona un auditorio para 80 personas en el que todas las semanas se hacen reuniones cient\u00edficas de calidad. Y tambi\u00e9n, peri\u00f3dicamente hay charlas profesionales y conferencias. \u201cAdem\u00e1s, permite hacer lo que se llama cine en video, lo que significa que se pueden seguir las intervenciones quir\u00fargicas desde el auditorio con una c\u00e1mara que est\u00e1 dirigida al proyector desde uno de los quir\u00f3fanos\u201d, detalla Diego Halac, Director M\u00e9dico del Sanatorio Anchorena del Callao. <\/p>\n<p><img loading=\"lazy\" decoding=\"async\" src=\"https:\/\/resizer.glanacion.com\/resizer\/v2\/APU55AFAHNDTTBUU6XFDNXUXRY.jpg?auth=bacdd89bf837aba45a32d0dc64a1c7b7060b303c6008e619b8377ac0913c13c9&amp;smart=true&amp;width=4000&amp;height=6000\" alt=\"Desarrollado en diez pisos con balcones y molduras, la edificaci\u00f3n tiene una fachada sim\u00e9trica con decoraci\u00f3n cl\u00e1sica.\" height=\"6000\" width=\"4000\" \/><\/p>\n<p>En ese piso hay tambi\u00e9n oficinas del sanatorio y una sala de reuniones revestida en madera y coronada por la c\u00fapula y una escalera caracol con cientos de pelda\u00f1os. Subir esos estrechos escalones es una aventura porque desde cada ventana se puede gozar de un rinc\u00f3n de Buenos Aires. <\/p>\n<p>Leonardo Mart\u00ednez, jefe de mantenimiento, empez\u00f3 a trabajar en el 2000 y es el empleado m\u00e1s antiguo del lugar. Cuenta que hace poco terminaron los trabajos de remodelaci\u00f3n de la c\u00fapula y explica que \u201ccomo es patrimonio cultural, se cumplieron todas las normativas de mantenimiento de la fachada. Se trabaj\u00f3 en toda la c\u00fapula, en el cupul\u00edn y el pararrayos que nunca se hab\u00edan tocado hasta ese momento\u201d. Y confiesa que, si bien no vio jam\u00e1s ning\u00fan fantasma, los hay. \u201cEste es el quinto sanatorio en el que trabajo y en todos hab\u00eda fantasmas\u201d. <\/p>\n<p><img loading=\"lazy\" decoding=\"async\" src=\"https:\/\/resizer.glanacion.com\/resizer\/v2\/NYXQ5BTLJBFIBFCJ7TVQFCHIDI.jpeg?auth=b628585ec53b82bb47bab2bd0e0846738b4bf674435569c0315e81fb951e3081&amp;smart=true&amp;width=900&amp;height=1600\" alt=\"La c\u00fapula se inicia en el piso 10 del edificio, donde funcionan oficinas del sanatorio\" height=\"1600\" width=\"900\" \/><\/p>\n<h1>De residencia particular a sanatorio<\/h1>\n<p>En la segunda mitad del siglo pasado el edificio dej\u00f3 de utilizarse como vivienda y se vendi\u00f3 a la I.O.S. (Instituto de Obra Social), instituci\u00f3n que re\u00fane a las obras sociales. Luego estuvo vinculado a la Uni\u00f3n del Personal Civil de la Naci\u00f3n durante algunos a\u00f1os. Entre 1995 y 1997 hicieron una primera remodelaci\u00f3n para adaptarlo al uso sanitario, pero sin modificar la fachada hist\u00f3rica; los trabajos estuvieron a cargo del Estudio Alvarado, Font y Sartorio. <\/p>\n<p><img loading=\"lazy\" decoding=\"async\" src=\"https:\/\/resizer.glanacion.com\/resizer\/v2\/MXLHUILKIBE7VLHTDALD5IP3AQ.jpg?auth=32a522fc396a59520828c711ebfdf498720c914f126ed0dba717b37a7af0d649&amp;smart=true&amp;width=6839&amp;height=4665\" alt=\"Una habitaci\u00f3n del Sanatorio Anchorena del Callao que conserva el ventanal y balc\u00f3n franc\u00e9s del centenario edificio\" height=\"4665\" width=\"6839\" \/><img loading=\"lazy\" decoding=\"async\" src=\"https:\/\/resizer.glanacion.com\/resizer\/v2\/HAGI2AJMGNGU3HAX3O7OT5AAFU.jpg?auth=b0b808e504889c818ce98342877f7c788bd7bdde6ec2f156600fefe622b06495&amp;smart=true&amp;width=6000&amp;height=3376\" alt=\"Una de las salas de espera del sanatorio\" height=\"3376\" width=\"6000\" \/><\/p>\n<p>A partir de 1998 funcion\u00f3 el Instituto Quir\u00fargico del Callao y en la actualidad es el Sanatorio Anchorena del Callao, un centro m\u00e9dico especializado en cirug\u00eda ambulatoria con tecnolog\u00eda moderna. Todo el espacio es un ejemplo claro de adaptaci\u00f3n funcional sin perder identidad arquitect\u00f3nica. <\/p>\n<p>Diego Halac, director m\u00e9dico del Anchorena del Callao, y Ver\u00f3nica Malsenido, coordinadora sanatorial, coinciden en detallar que este centro forma parte de una cadena de sanatorios. \u201cFunciona como el hospital de d\u00eda, con cirug\u00edas de baja complejidad y ambulatorias, sobre todo endoscop\u00edas digestivas y oftalmolog\u00eda. Adem\u00e1s, tenemos un servicio muy importante y reconocido de diagn\u00f3stico por im\u00e1genes\u201d. <\/p>\n\n<p>\u200bDe estilo academicista franc\u00e9s, fue inaugurado en 1924 y se destaca sobre la avenida Callao\u00a0\u00a0LA NACION<\/p>","protected":false},"excerpt":{"rendered":"<p>Ubicado en la esquina de Callao y Lavalle, en pleno coraz\u00f3n del barrio de San&#8230;<\/p>\n","protected":false},"author":1,"featured_media":23395,"comment_status":"closed","ping_status":"closed","sticky":false,"template":"","format":"standard","meta":{"footnotes":""},"categories":[2],"tags":[],"class_list":["post-23394","post","type-post","status-publish","format-standard","has-post-thumbnail","hentry","category-nacionales"],"aioseo_notices":[],"_links":{"self":[{"href":"https:\/\/infinitoradio.com\/index.php?rest_route=\/wp\/v2\/posts\/23394","targetHints":{"allow":["GET"]}}],"collection":[{"href":"https:\/\/infinitoradio.com\/index.php?rest_route=\/wp\/v2\/posts"}],"about":[{"href":"https:\/\/infinitoradio.com\/index.php?rest_route=\/wp\/v2\/types\/post"}],"author":[{"embeddable":true,"href":"https:\/\/infinitoradio.com\/index.php?rest_route=\/wp\/v2\/users\/1"}],"replies":[{"embeddable":true,"href":"https:\/\/infinitoradio.com\/index.php?rest_route=%2Fwp%2Fv2%2Fcomments&post=23394"}],"version-history":[{"count":0,"href":"https:\/\/infinitoradio.com\/index.php?rest_route=\/wp\/v2\/posts\/23394\/revisions"}],"wp:featuredmedia":[{"embeddable":true,"href":"https:\/\/infinitoradio.com\/index.php?rest_route=\/wp\/v2\/media\/23395"}],"wp:attachment":[{"href":"https:\/\/infinitoradio.com\/index.php?rest_route=%2Fwp%2Fv2%2Fmedia&parent=23394"}],"wp:term":[{"taxonomy":"category","embeddable":true,"href":"https:\/\/infinitoradio.com\/index.php?rest_route=%2Fwp%2Fv2%2Fcategories&post=23394"},{"taxonomy":"post_tag","embeddable":true,"href":"https:\/\/infinitoradio.com\/index.php?rest_route=%2Fwp%2Fv2%2Ftags&post=23394"}],"curies":[{"name":"wp","href":"https:\/\/api.w.org\/{rel}","templated":true}]}}