{"id":23392,"date":"2026-04-28T00:45:51","date_gmt":"2026-04-28T03:45:51","guid":{"rendered":"https:\/\/infinitoradio.com\/?p=23392"},"modified":"2026-04-28T00:45:51","modified_gmt":"2026-04-28T03:45:51","slug":"javier-milei-hablo-sobre-la-suba-de-la-inflacion-y-dijo-no-nos-vamos-a-apartar-un-apice-de-nuestra-ortodoxia","status":"publish","type":"post","link":"https:\/\/infinitoradio.com\/?p=23392","title":{"rendered":"Javier Milei habl\u00f3 sobre la suba de la inflaci\u00f3n y dijo: \u201cNo nos vamos a apartar un \u00e1pice de nuestra ortodoxia\u201d"},"content":{"rendered":"<p>El presidente<b> <\/b><a href=\"https:\/\/www.lanacion.com.ar\/politica\/milei-y-macri-vuelven-a-compartir-un-ambito-politico-luego-de-seis-meses-en-la-cena-de-la-fundacion-nid27042026\/\" target=\"_self\" rel=\"\" title=\"https:\/\/www.lanacion.com.ar\/politica\/milei-y-macri-vuelven-a-compartir-un-ambito-politico-luego-de-seis-meses-en-la-cena-de-la-fundacion-nid27042026\/\"><b>Javier Milei<\/b><\/a> fue el encargado de brindar el discurso de cierre de la cena anual de la <b>Fundaci\u00f3n Libertad<\/b>, evento que se celebr\u00f3 en Parque Norte. El mandatario hizo uso de la palabra desde las 21.45 y concluy\u00f3 a las 23. Previo a su disertaci\u00f3n, recibi\u00f3 el premio Libertad 2026 por parte de Alberto Benegas Lynch (h).<\/p>\n<p>El titular de La Libertad Avanza (LLA) comenz\u00f3 solidariz\u00e1ndose con el presidente de Estados Unidos tras el tiroteo durante la cena anual de corresponsales de la Casa Blanca en Washington: \u201c<b>Quiero expresar mi m\u00e1s en\u00e9rgico repudio al intento de asesinato contra Trump. <\/b>Estamos ante un nuevo auge de la violencia pol\u00edtica contra el mundo libre. Debe ser detenido en sus inicios. Hay muchos que no toleran perder la batalla en las urnas. Esas personas no son compatibles con la democracia. Debe ser castigado con todo el peso de la ley\u201d.<\/p>\n<p>\u201cNosotros los liberales cometimos un gran error tras la ca\u00edda del muro de Berl\u00edn, de creer que con la sola ca\u00edda alcanzaba. La realidad demostr\u00f3 que no. De hecho, lo que hizo el marxismo fue reconstruirse y dar la batalla cultural en otros aspectos. Traslad\u00f3 la lucha de clases a otro tipo de debates de la sociedad. <b>Terminaron tomando la escena. Y no tienen ning\u00fan problema en matarnos si les es necesario<\/b>\u201d, repar\u00f3.<\/p>\n<p><img loading=\"lazy\" decoding=\"async\" src=\"https:\/\/resizer.glanacion.com\/resizer\/v2\/2CI4NP4QYNASVJQBJ5MA6WA2W4.JPG?auth=dc6d2fd0eb4f8b675bc47d5d606a9f64dd86e1429b7651ec1913aa9b513648b3&amp;smart=true&amp;width=1999&amp;height=1333\" alt=\"El presidente Javier Milei durante la cena anual de la Fundaci\u00f3n Libertad\" height=\"1333\" width=\"1999\" \/><\/p>\n<p>Tras aquel comentario, <b>Milei precis\u00f3 que la charla tendr\u00eda por objeto demostrar que \u201clas ideas de la libertad funcionan\u201d.<\/b> \u201cHoy escucho a muchos que se llenan la boca con cosas que no les parecen correctas, pero al momento que ten\u00edan que hacer las cosas&#8230; Nosotros a nivel nacional no solo que hicimos el ajuste m\u00e1s grande en la historia de la Argentina sino que le devolvimos plata a los argentinos\u201d, destac\u00f3.<\/p>\n<p><b>Habl\u00f3 tambi\u00e9n sobre los recortes del sector p\u00fablico, con un dardo contra la exmandataria Cristina Kirchner<\/b>: \u201cRedujimos el tama\u00f1o del sector p\u00fablico nacional, que ronda los 15 puntos del PBI. Si quisi\u00e9ramos compararlo con otras \u00e9pocas, deber\u00edamos corregir por el acto de populismo salvaje de la presidiaria [Cristina Kirchner], cuando empez\u00f3 a dar jubilaciones sin aportes. Eso hizo que fuera m\u00e1s alto del peso del sector p\u00fablico para respetar el derecho adquirido por parte de los jubilados\u201d. Y puntualiz\u00f3: \u201cA veces nos olvidamos del lugar del que venimos\u201d.<\/p>\n<p><img loading=\"lazy\" decoding=\"async\" src=\"https:\/\/resizer.glanacion.com\/resizer\/v2\/OB4UVGZJUBGBFEUMGAQBMWMM44.JPG?auth=69ec6efcc0fee8dcf50574384a9d42ae7336b636cb34240085e2ef0df0591a6d&amp;smart=true&amp;width=1999&amp;height=1333\" alt=\"El presidente Javier Milei durante la cena anual de la Fundaci\u00f3n Libertad\" height=\"1333\" width=\"1999\" \/><\/p>\n<p>Al momento de abordar la deuda p\u00fablica, puso el foco nuevamente en el kirchnerismo: \u201c<b>Durante el gobierno de Mauricio Macri, la deuda subi\u00f3 en US$60.000 millones de d\u00f3lares. Quiere decir que los US$320.000 millones de d\u00f3lares restantes son todos del kirchnerismo.<\/b> Si hay alguien que ha endeudado a este pa\u00eds, comprometiendo a las generaciones futuras, es el kirchnerismo. Durante nuestro gobierno, cay\u00f3 de US$10.000 millones\u201d.<\/p>\n<p>\u201cSi hay algo que los caracteriza es contar mentiras. Otra gran mentira: ahora repudian la inflaci\u00f3n, pero es la misma que ten\u00eda Cristina Kirchner. Son bastante ignorantes y bastante brutos en econom\u00eda. No me sorprende que sean personas que no pueden sumar dos m\u00e1s dos con un \u00e1baco\u201d, arremeti\u00f3 Milei. Aprovech\u00f3 asimismo para apuntar contra Axel Kicillof: <b>\u201cEl mejor exponente es el sovi\u00e9tico que gobierna la provincia de Buenos Aires\u201d.<\/b><\/p>\n<p>Y aclar\u00f3: \u201cNo fue magia. Fue liberalismo puro y duro. Control de la pol\u00edtica fiscal y monetaria. No quiere decir que la inflaci\u00f3n est\u00e9 resuelta. <b>33% es un n\u00famero horrible.<\/b> Pero tiene un sentido. La inflaci\u00f3n hab\u00eda empezado a caer de manera profunda. Pero luego del resultado de mayo y la victoria de Manuel [Adorni] en Ciudad, la pol\u00edtica sali\u00f3 a jugar. Lo que hubo a partir de la elecci\u00f3n fue un saboteo enorme, donde coordinaron empresaurios, medios de comunicaci\u00f3n, pol\u00edticos y opinadores, para destruir el programa econ\u00f3mico. Quisieron destruir el equilibrio fiscal&#8221;.<\/p>\n<p><img loading=\"lazy\" decoding=\"async\" src=\"https:\/\/resizer.glanacion.com\/resizer\/v2\/YH6ACOASOFFNXMYK2JMMLTJLHU.JPG?auth=80b92d100f2219a53a4c1c8cb3a2691e7f394b1fdd2bafaa21b811d00692bca7&amp;smart=true&amp;width=1999&amp;height=1333\" alt=\"Milei recibi\u00f3 el premio Libertad 2026\" height=\"1333\" width=\"1999\" \/><\/p>\n<p>Acus\u00f3 entonces a los actores mencionados de orquestar un \u201cataque especulativo\u201d que \u201cnunca se vio en la historia de la Argentina\u201d. \u201cLlevaron el Riesgo Pa\u00eds a 1500, la demanda de dinero cay\u00f3 junto con los pasivos monetarios. Destruyeron el capital de trabajo de la econom\u00eda, <b>pero pudimos mantenernos a flote por la solidez del programa. Los deshonestos intelectualmente dicen que nos salv\u00f3 Estados Unidos&#8221;<\/b>, dijo el Presidente.<\/p>\n<p>Y anticip\u00f3: \u201cEl n\u00famero [de inflaci\u00f3n] es horrible, pero lo vamos a derrotar. Vamos a seguir haciendo lo que dice la teor\u00eda econ\u00f3mica y la evidencia emp\u00edrica. <b>No nos vamos a apartar un \u00e1pice de nuestra ortodoxia. La base monetaria sigue siendo la misma, por lo tanto, en alg\u00fan momento va a caer<\/b>\u201d.<\/p>\n<p>Una hora despu\u00e9s del inicio de su discurso, procedi\u00f3 a enumerar lo que consider\u00f3 \u201chitos\u201d de su administraci\u00f3n: \u201cMandamos la ley de modernizaci\u00f3n laboral, sacamos d\u00e9ficit cero, aprobamos el acuerdo de la UE-Mercosur, aprobamos la ley de Glaciares y bajamos la edad de imputabilidad. En un mes y medio, sacamos m\u00e1s leyes que en los \u00faltimos 40 a\u00f1os. Sacamos tambi\u00e9n a 14 millones de la pobreza. No nos dejemos psicopatear por los kukas\u201d.<\/p>\n<p><img loading=\"lazy\" decoding=\"async\" src=\"https:\/\/resizer.glanacion.com\/resizer\/v2\/FZ7W7RWJVNHX5KETCBU2U7T2QA.JPG?auth=6548bb24261d4e9daa992720e3fc2dc5abaa9a7701a38d2e2a2b58fdc08f3b04&amp;smart=true&amp;width=2000&amp;height=1125\" alt=\"Manuel Adorni y Karina Milei, presentes durante el discurso de Javier Milei en la Fundaci\u00f3n Libertad\" height=\"1125\" width=\"2000\" \/><\/p>\n<p>Al hacer uso de la palabra \u201cajuste\u201d, afirm\u00f3 que fue absorbido por el sector p\u00fablico y \u201cpag\u00f3 la casta\u201d. <b>\u00bfSaben a qui\u00e9n le fue peor en t\u00e9rminos reales? A m\u00ed. Soy el \u00fanico que no se modific\u00f3 el sueldo desde que asum\u00ed. Soy el presidente que menos gana en Am\u00e9rica. Cayeron los salarios del sector p\u00fablico, el consumo est\u00e1 en su pico hist\u00f3rico y no hay d\u00e9ficit de cuenta corriente. Dejemos de pensar como cavern\u00edcolas&#8221;<\/b>, insisti\u00f3.<\/p>\n<p>Renov\u00f3 tambi\u00e9n su ataque contra el periodismo y <b>le pidi\u00f3 a la ciudadan\u00eda \u201cno comprar la mentira\u201d de quienes tild\u00f3 de \u201censobrados y corruptos\u201d. <\/b>Se despach\u00f3 adem\u00e1s -con un exabrupto- contra el expresidente Alberto Fern\u00e1ndez por el manejo de la pandemia y el vacunatorio VIP: <b> \u201cPerd\u00f3n el t\u00e9rmino. Esos hijos de puta hicieron que murieran 130.000 argentinos. Se llevaron la vida de 100.000 argentinos por hacer populismo\u201d.<\/b><\/p>\n<p><b>Y concluy\u00f3 su discurso respondiendo al interrogante \u201c\u00bfbajar\u00e1 la inflaci\u00f3n?\u201c<\/b>: \u201cTodo nos hace m\u00e1s optimistas hacia adelante. La demanda de dinero est\u00e1 subiendo y la inflaci\u00f3n va a caer. Tarde o temprano vamos a derrotarla. Vamos a hacer a la Argentina el pa\u00eds m\u00e1s libre del mundo. El liberalismo seguir\u00e1 hacia adelante\u201d.<\/p>\n<p><img loading=\"lazy\" decoding=\"async\" src=\"https:\/\/resizer.glanacion.com\/resizer\/v2\/XNLV2EI7QRGNDLMFDCLQ2NCIYM.JPG?auth=88878f38b2e2b0aacea7056a00c1925ff3ed41ea320fbced9ae4b7c047b5dc19&amp;smart=true&amp;width=1999&amp;height=1333\" alt=\"El presidente Javier Milei durante la cena anual de la Fundaci\u00f3n Libertad\" height=\"1333\" width=\"1999\" \/><\/p>\n<p>El encuentro reuni\u00f3 a dirigentes pol\u00edticos, empresarios e intelectuales de la Argentina y de otros pa\u00edses de la regi\u00f3n, y volvi\u00f3 a consolidarse como una de las principales citas del espacio liberal.<\/p>\n<p>La convocatoria incluy\u00f3 a m\u00e1s de 1000 invitados y tuvo como figuras destacadas como la del expresidente <a href=\"https:\/\/www.lanacion.com.ar\/politica\/mauricio-macri-el-populismo-se-esta-agotando-en-la-argentina-nid27042026\/\" target=\"_self\" rel=\"\" title=\"https:\/\/www.lanacion.com.ar\/politica\/mauricio-macri-el-populismo-se-esta-agotando-en-la-argentina-nid27042026\/\"><b>Mauricio Macri<\/b><\/a>, el ministro de Desregulaci\u00f3n y Transformaci\u00f3n del Estado, <b>Federico Sturzenegger<\/b>, y el ministro del Interior,<b> Diego Santilli<\/b>, entre otros referentes del oficialismo y la oposici\u00f3n. Tambi\u00e9n participaron el ensayista peruano \u00c1lvaro Vargas Llosa y la dirigente venezolana Mar\u00eda Corina Machado, quien intervino de manera remota.<\/p>\n<p>\u200bEl Presidente particip\u00f3 de la cena anual de la Fundaci\u00f3n Libertad; defendi\u00f3 el modelo econ\u00f3mico, explic\u00f3 por qu\u00e9 los precios van a ceder y critic\u00f3 duramente al kirchnerismo\u00a0\u00a0LA NACION<\/p>","protected":false},"excerpt":{"rendered":"<p>El presidente Javier Milei fue el encargado de brindar el discurso de cierre de la&#8230;<\/p>\n","protected":false},"author":1,"featured_media":23393,"comment_status":"closed","ping_status":"closed","sticky":false,"template":"","format":"standard","meta":{"footnotes":""},"categories":[2],"tags":[],"class_list":["post-23392","post","type-post","status-publish","format-standard","has-post-thumbnail","hentry","category-nacionales"],"aioseo_notices":[],"_links":{"self":[{"href":"https:\/\/infinitoradio.com\/index.php?rest_route=\/wp\/v2\/posts\/23392","targetHints":{"allow":["GET"]}}],"collection":[{"href":"https:\/\/infinitoradio.com\/index.php?rest_route=\/wp\/v2\/posts"}],"about":[{"href":"https:\/\/infinitoradio.com\/index.php?rest_route=\/wp\/v2\/types\/post"}],"author":[{"embeddable":true,"href":"https:\/\/infinitoradio.com\/index.php?rest_route=\/wp\/v2\/users\/1"}],"replies":[{"embeddable":true,"href":"https:\/\/infinitoradio.com\/index.php?rest_route=%2Fwp%2Fv2%2Fcomments&post=23392"}],"version-history":[{"count":0,"href":"https:\/\/infinitoradio.com\/index.php?rest_route=\/wp\/v2\/posts\/23392\/revisions"}],"wp:featuredmedia":[{"embeddable":true,"href":"https:\/\/infinitoradio.com\/index.php?rest_route=\/wp\/v2\/media\/23393"}],"wp:attachment":[{"href":"https:\/\/infinitoradio.com\/index.php?rest_route=%2Fwp%2Fv2%2Fmedia&parent=23392"}],"wp:term":[{"taxonomy":"category","embeddable":true,"href":"https:\/\/infinitoradio.com\/index.php?rest_route=%2Fwp%2Fv2%2Fcategories&post=23392"},{"taxonomy":"post_tag","embeddable":true,"href":"https:\/\/infinitoradio.com\/index.php?rest_route=%2Fwp%2Fv2%2Ftags&post=23392"}],"curies":[{"name":"wp","href":"https:\/\/api.w.org\/{rel}","templated":true}]}}