{"id":23388,"date":"2026-04-27T22:59:27","date_gmt":"2026-04-28T01:59:27","guid":{"rendered":"https:\/\/infinitoradio.com\/?p=23388"},"modified":"2026-04-27T22:59:27","modified_gmt":"2026-04-28T01:59:27","slug":"el-precio-de-los-alimentos-hoy-hay-productos-que-se-venden-mas-baratos-que-en-2023","status":"publish","type":"post","link":"https:\/\/infinitoradio.com\/?p=23388","title":{"rendered":"El precio de los alimentos: \u201cHoy hay productos que se venden m\u00e1s baratos que en 2023\u201d\u200b"},"content":{"rendered":"<p>En el cierre de abril, el presidente de la C\u00e1mara de Almaceneros de la Argentina, Daniel Acu\u00f1a, analiz\u00f3 la evoluci\u00f3n de los precios de los alimentos y se\u00f1al\u00f3 una desaceleraci\u00f3n en los aumentos tras el pico inflacionario de marzo. Tambi\u00e9n remarc\u00f3 un cambio marcado en los h\u00e1bitos de consumo y advirti\u00f3 sobre la ca\u00edda del poder adquisitivo.<\/p>\n<p>\u201cHubo una desaceleraci\u00f3n en los \u00faltimos meses. La mayor\u00eda de las empresas ha aumentado por debajo de la inflaci\u00f3n\u201d, explic\u00f3 Acu\u00f1a, y destac\u00f3 que algunos productos b\u00e1sicos incluso bajaron de precio. \u201cHoy hay art\u00edculos de primera necesidad que los estamos vendiendo m\u00e1s barato que en 2023, como fideos, arroz o harinas\u201d, precis\u00f3.<\/p>\n<p>En el caso de la carne, indic\u00f3 que se observa una baja en algunos canales de venta, aunque con fuertes diferencias. \u201cUn mayorista de Bah\u00eda Blanca vend\u00eda el asado a 12.900 pesos y en algunas carnicer\u00edas lo cobran 25 o 27 mil. Hay una diferencia anormal\u201d, afirm\u00f3, y apunt\u00f3 contra pr\u00e1cticas especulativas: \u201cHay algunos vivos que cobran precios desmedidos\u201d.<\/p>\n<p>En cuanto al consumo, Acu\u00f1a fue directo: \u201cLa gente no tiene plata en el bolsillo, es una realidad que nadie puede negar\u201d. En ese contexto, explic\u00f3 que los comercios de cercan\u00eda concentran el 70% de las ventas y se ven beneficiados por el cambio de h\u00e1bito. \u201cYa no se hacen grandes compras, la gente compra lo del d\u00eda o de la semana\u201d, se\u00f1al\u00f3.<\/p>\n<p>Sobre un posible aumento de costos, descart\u00f3 un impacto significativo del combustible en los precios finales. \u201cNo tendr\u00eda por qu\u00e9 incidir. El problema es que algunos trasladan cualquier aumento de forma directa\u201d, sostuvo.<\/p>\n<p>Finalmente, destac\u00f3 el crecimiento de acuerdos entre comercios para sostener precios competitivos. \u201cCompramos en conjunto, con m\u00e1rgenes cortos y vendemos volumen. Hoy podemos ofrecer queso cremoso a 5.990 pesos o fideos de buena calidad por menos de 700\u201d, detall\u00f3.<\/p>\n<figure class=\"wp-block-embed is-type-video is-provider-youtube wp-block-embed-youtube wp-embed-aspect-16-9 wp-has-aspect-ratio\">\n<div class=\"wp-block-embed__wrapper\">\n<div class=\"epyt-video-wrapper\">\n<div data-origwidth=\"800\" data-origheight=\"450\" data-facadesrc=\"https:\/\/www.youtube.com\/embed\/7XhKq3UHNhk?enablejsapi=1&amp;autoplay=0&amp;cc_load_policy=1&amp;cc_lang_pref=es&amp;iv_load_policy=3&amp;loop=0&amp;modestbranding=1&amp;rel=0&amp;fs=1&amp;playsinline=0&amp;autohide=2&amp;hl=es_ES&amp;theme=dark&amp;color=red&amp;controls=1&amp;\" class=\"__youtube_prefs__ epyt-facade epyt-is-override  no-lazyload\" data-epautoplay=\"1\"><img decoding=\"async\" data-spai-excluded=\"true\" class=\"epyt-facade-poster skip-lazy\" loading=\"lazy\" alt=\"El precio de los alimentos  Cua\u0301les bajaron sus precios en abril\" src=\"https:\/\/i.ytimg.com\/vi\/7XhKq3UHNhk\/maxresdefault.jpg\" \/><button class=\"epyt-facade-play\" aria-label=\"Play\"><\/button><\/div>\n<\/div>\n<\/div>\n<\/figure>\n<p><strong><a href=\"https:\/\/blockads.fivefilters.org\/\">Adblock test<\/a><\/strong> <a href=\"https:\/\/blockads.fivefilters.org\/acceptable.html\">(Why?)<\/a><\/p>\n<p>\u00a0\u00a0<\/p>","protected":false},"excerpt":{"rendered":"<p>En el cierre de abril, el presidente de la C\u00e1mara de Almaceneros de la Argentina,&#8230;<\/p>\n","protected":false},"author":1,"featured_media":23389,"comment_status":"closed","ping_status":"closed","sticky":false,"template":"","format":"standard","meta":{"footnotes":""},"categories":[6],"tags":[],"class_list":["post-23388","post","type-post","status-publish","format-standard","has-post-thumbnail","hentry","category-regionales"],"aioseo_notices":[],"_links":{"self":[{"href":"https:\/\/infinitoradio.com\/index.php?rest_route=\/wp\/v2\/posts\/23388","targetHints":{"allow":["GET"]}}],"collection":[{"href":"https:\/\/infinitoradio.com\/index.php?rest_route=\/wp\/v2\/posts"}],"about":[{"href":"https:\/\/infinitoradio.com\/index.php?rest_route=\/wp\/v2\/types\/post"}],"author":[{"embeddable":true,"href":"https:\/\/infinitoradio.com\/index.php?rest_route=\/wp\/v2\/users\/1"}],"replies":[{"embeddable":true,"href":"https:\/\/infinitoradio.com\/index.php?rest_route=%2Fwp%2Fv2%2Fcomments&post=23388"}],"version-history":[{"count":0,"href":"https:\/\/infinitoradio.com\/index.php?rest_route=\/wp\/v2\/posts\/23388\/revisions"}],"wp:featuredmedia":[{"embeddable":true,"href":"https:\/\/infinitoradio.com\/index.php?rest_route=\/wp\/v2\/media\/23389"}],"wp:attachment":[{"href":"https:\/\/infinitoradio.com\/index.php?rest_route=%2Fwp%2Fv2%2Fmedia&parent=23388"}],"wp:term":[{"taxonomy":"category","embeddable":true,"href":"https:\/\/infinitoradio.com\/index.php?rest_route=%2Fwp%2Fv2%2Fcategories&post=23388"},{"taxonomy":"post_tag","embeddable":true,"href":"https:\/\/infinitoradio.com\/index.php?rest_route=%2Fwp%2Fv2%2Ftags&post=23388"}],"curies":[{"name":"wp","href":"https:\/\/api.w.org\/{rel}","templated":true}]}}