{"id":23386,"date":"2026-04-27T22:59:26","date_gmt":"2026-04-28T01:59:26","guid":{"rendered":"https:\/\/infinitoradio.com\/?p=23386"},"modified":"2026-04-27T22:59:26","modified_gmt":"2026-04-28T01:59:26","slug":"las-protesis-definitivas-son-las-mas-costosas-nueva-campana-solidaria-para-oriana-bruno","status":"publish","type":"post","link":"https:\/\/infinitoradio.com\/?p=23386","title":{"rendered":"\u201cLas pr\u00f3tesis definitivas son las m\u00e1s costosas\u201d: nueva campa\u00f1a solidaria para Oriana Bruno\u200b"},"content":{"rendered":"<p>Relanzaron una campa\u00f1a solidaria para acompa\u00f1ar a Oriana Bruno, quien contin\u00faa su proceso de recuperaci\u00f3n tras la amputaci\u00f3n de ambas piernas luego de un accidente ferroviario ocurrido en el paso a nivel de calle Corrientes. El objetivo ahora es reunir fondos para las pr\u00f3tesis definitivas, una etapa clave en su rehabilitaci\u00f3n.<\/p>\n<p>\u201cEstamos impulsando otra vez la campa\u00f1a porque ahora se vienen las pr\u00f3tesis definitivas\u201d, explic\u00f3 la joven, quien ya logr\u00f3 dar un primer paso gracias a colectas previas. \u201cPude acceder a unas pr\u00f3tesis muy peque\u00f1as y sin rodilla, que son de adaptaci\u00f3n, las primeras que voy a usar un tiempo\u201d, detall\u00f3.<\/p>\n<p>Seg\u00fan indic\u00f3, esas primeras pr\u00f3tesis tuvieron un costo de 6 millones de pesos, monto que pudo cubrir con la ayuda de la comunidad. Sin embargo, advirti\u00f3 que lo m\u00e1s complejo a\u00fan est\u00e1 por delante. \u201cLas pr\u00f3tesis definitivas son las m\u00e1s costosas. Lo que m\u00e1s sale es la rodilla\u201d, se\u00f1al\u00f3.<\/p>\n<p>Si bien todav\u00eda no cuenta con el presupuesto final de los dispositivos completos, Oriana remarc\u00f3 la necesidad de anticiparse. \u201cSabemos que son muy costosas, entonces quer\u00edamos empezar desde ahora\u201d, sostuvo. Y agreg\u00f3 que el proceso tambi\u00e9n requiere tiempo de adaptaci\u00f3n antes de poder utilizarlas.<\/p>\n<p>En ese marco, se encuentra en marcha una nueva colecta abierta a la comunidad. Las donaciones se pueden realizar al alias <strong>oribruno<\/strong>, a nombre de Oriana Bruno, en una cuenta del Banco Naci\u00f3n. \u201cTiene que aparecer mi nombre, porque nos pas\u00f3 que aparec\u00edan otros nombres\u201d, advirti\u00f3, en relaci\u00f3n a posibles confusiones o intentos de fraude.<\/p>\n<figure class=\"wp-block-embed is-type-video is-provider-youtube wp-block-embed-youtube wp-embed-aspect-16-9 wp-has-aspect-ratio\">\n<div class=\"wp-block-embed__wrapper\">\n<div class=\"epyt-video-wrapper\">\n<div data-origwidth=\"800\" data-origheight=\"450\" data-facadesrc=\"https:\/\/www.youtube.com\/embed\/BTN39R7PfKs?enablejsapi=1&amp;autoplay=0&amp;cc_load_policy=1&amp;cc_lang_pref=es&amp;iv_load_policy=3&amp;loop=0&amp;modestbranding=1&amp;rel=0&amp;fs=1&amp;playsinline=0&amp;autohide=2&amp;hl=es_ES&amp;theme=dark&amp;color=red&amp;controls=1&amp;\" class=\"__youtube_prefs__ epyt-facade epyt-is-override  no-lazyload\" data-epautoplay=\"1\"><img decoding=\"async\" data-spai-excluded=\"true\" class=\"epyt-facade-poster skip-lazy\" loading=\"lazy\" alt=\"Oriana Bruno lanz\u00f3 una nueva campa\u00f1a para reunir fondos para las pr\u00f3tesis\" src=\"https:\/\/i.ytimg.com\/vi\/BTN39R7PfKs\/maxresdefault.jpg\" \/><button class=\"epyt-facade-play\" aria-label=\"Play\"><\/button><\/div>\n<\/div>\n<\/div>\n<\/figure>\n<p><strong><a href=\"https:\/\/blockads.fivefilters.org\/\">Adblock test<\/a><\/strong> <a href=\"https:\/\/blockads.fivefilters.org\/acceptable.html\">(Why?)<\/a><\/p>\n<p>\u00a0\u00a0<\/p>","protected":false},"excerpt":{"rendered":"<p>Relanzaron una campa\u00f1a solidaria para acompa\u00f1ar a Oriana Bruno, quien contin\u00faa su proceso de recuperaci\u00f3n&#8230;<\/p>\n","protected":false},"author":1,"featured_media":23387,"comment_status":"closed","ping_status":"closed","sticky":false,"template":"","format":"standard","meta":{"footnotes":""},"categories":[6],"tags":[],"class_list":["post-23386","post","type-post","status-publish","format-standard","has-post-thumbnail","hentry","category-regionales"],"aioseo_notices":[],"_links":{"self":[{"href":"https:\/\/infinitoradio.com\/index.php?rest_route=\/wp\/v2\/posts\/23386","targetHints":{"allow":["GET"]}}],"collection":[{"href":"https:\/\/infinitoradio.com\/index.php?rest_route=\/wp\/v2\/posts"}],"about":[{"href":"https:\/\/infinitoradio.com\/index.php?rest_route=\/wp\/v2\/types\/post"}],"author":[{"embeddable":true,"href":"https:\/\/infinitoradio.com\/index.php?rest_route=\/wp\/v2\/users\/1"}],"replies":[{"embeddable":true,"href":"https:\/\/infinitoradio.com\/index.php?rest_route=%2Fwp%2Fv2%2Fcomments&post=23386"}],"version-history":[{"count":0,"href":"https:\/\/infinitoradio.com\/index.php?rest_route=\/wp\/v2\/posts\/23386\/revisions"}],"wp:featuredmedia":[{"embeddable":true,"href":"https:\/\/infinitoradio.com\/index.php?rest_route=\/wp\/v2\/media\/23387"}],"wp:attachment":[{"href":"https:\/\/infinitoradio.com\/index.php?rest_route=%2Fwp%2Fv2%2Fmedia&parent=23386"}],"wp:term":[{"taxonomy":"category","embeddable":true,"href":"https:\/\/infinitoradio.com\/index.php?rest_route=%2Fwp%2Fv2%2Fcategories&post=23386"},{"taxonomy":"post_tag","embeddable":true,"href":"https:\/\/infinitoradio.com\/index.php?rest_route=%2Fwp%2Fv2%2Ftags&post=23386"}],"curies":[{"name":"wp","href":"https:\/\/api.w.org\/{rel}","templated":true}]}}